{"id":191500,"date":"2020-11-13T16:20:38","date_gmt":"2020-11-13T21:20:38","guid":{"rendered":"http:\/\/santemc.quebec\/icentre\/?p=191500"},"modified":"2020-11-13T16:22:38","modified_gmt":"2020-11-13T21:22:38","slug":"notre-boutique-ephemere-revit-en-version-virtuelle-les-27-28-29-novembre","status":"publish","type":"post","link":"https:\/\/santemc.quebec\/icentre\/notre-boutique-ephemere-revit-en-version-virtuelle-les-27-28-29-novembre\/","title":{"rendered":"Notre boutique \u00e9ph\u00e9m\u00e8re revit en version virtuelle les 27-28-29 novembre!"},"content":{"rendered":"<p><span style=\"font-size: medium;\">Cet automne, la boutique \u00e9ph\u00e9m\u00e8re de recrutement du CISSSMC poursuit son virage num\u00e9rique avec une 2<\/span><sup><span style=\"font-size: medium;\">e<\/span><\/sup><span style=\"font-size: medium;\"> \u00e9dition en mode virtuel. Cet \u00e9v\u00e9nement-phare de notre organisation qui a eu lieu \u00e0 deux occasions au Dix30, se transporte d\u00e9sormais en ligne afin de rejoindre les candidats potentiels l\u00e0 o\u00f9 ils se trouvent\u00a0: dans le confort de leur domicile!<\/span><!--more--><\/p>\n<p><span style=\"font-size: medium;\">Tenue sur trois jours, du 27 au 29 novembre, la boutique virtuelle se veut un rendez-vous convivial entre notre organisation et les chercheurs d\u2019emploi. En effet, gr\u00e2ce \u00e0 un processus d\u2019embauche simplifi\u00e9, les candidats peuvent obtenir rapidement une entrevue et quelques jours plus tard, une proposition d\u2019embauche.<\/span><\/p>\n<p>La campagne de promotion qui annoncera la boutique sera lanc\u00e9e la semaine prochaine. Surveillez nos m\u00e9dias sociaux pour voir le d\u00e9ploiement de nos publicit\u00e9s!<\/p>\n<p><span style=\"font-size: medium;\"><b>Nouvelle boutique, nouvelle image!<\/b><\/span><\/p>\n<p><span style=\"font-size: medium;\">Dans le cadre de la nouvelle \u00e9dition de la boutique virtuelle, le CISSSMC a adopt\u00e9 une image renouvel\u00e9e pour ses activit\u00e9s de recrutement. Tout en continuant de mettre de l\u2019avant des membres du personnel, l\u2019organisation a choisi de miser sur un nouveau slogan, \u00ab Droit au c\u0153ur \u00bb, et des couleurs qui nous distinguent parmi les autres \u00e9tablissements du r\u00e9seau. <\/span><\/p>\n<p><span style=\"font-size: medium;\">Afin de vous faire d\u00e9couvrir ce nouvel univers graphique, nous sommes heureux de vous pr\u00e9senter une courte vid\u00e9o qui se veut une carte de visite pour notre organisation. La signature visuelle encadrera les prochaines initiatives de recrutement en plus de renouveler le positionnement du CISSSMC aupr\u00e8s des employ\u00e9s potentiels. Veuillez noter que les images que vous verrez sont tir\u00e9es de vid\u00e9os de recrutement tourn\u00e9es avant la pand\u00e9mie.\u00a0<\/span><\/p>\n<p><iframe loading=\"lazy\" src=\"https:\/\/player.vimeo.com\/video\/478975634\" width=\"640\" height=\"360\" frameborder=\"0\" allowfullscreen=\"allowfullscreen\"><\/iframe><\/p>\n","protected":false},"excerpt":{"rendered":"<p>Cet automne, la boutique \u00e9ph\u00e9m\u00e8re de recrutement du CISSSMC poursuit son virage num\u00e9rique avec une 2e \u00e9dition en mode virtuel. Cet \u00e9v\u00e9nement-phare de notre organisation qui a eu lieu \u00e0 deux occasions au Dix30, se transporte d\u00e9sormais en ligne afin &hellip; <a href=\"https:\/\/santemc.quebec\/icentre\/notre-boutique-ephemere-revit-en-version-virtuelle-les-27-28-29-novembre\/\">Continuer la lecture <span class=\"meta-nav\">&rarr;<\/span><\/a><\/p>\n","protected":false},"author":33,"featured_media":0,"comment_status":"open","ping_status":"closed","sticky":false,"template":"","format":"standard","meta":{"footnotes":""},"categories":[1],"tags":[],"_links":{"self":[{"href":"https:\/\/santemc.quebec\/icentre\/wp-json\/wp\/v2\/posts\/191500"}],"collection":[{"href":"https:\/\/santemc.quebec\/icentre\/wp-json\/wp\/v2\/posts"}],"about":[{"href":"https:\/\/santemc.quebec\/icentre\/wp-json\/wp\/v2\/types\/post"}],"author":[{"embeddable":true,"href":"https:\/\/santemc.quebec\/icentre\/wp-json\/wp\/v2\/users\/33"}],"replies":[{"embeddable":true,"href":"https:\/\/santemc.quebec\/icentre\/wp-json\/wp\/v2\/comments?post=191500"}],"version-history":[{"count":6,"href":"https:\/\/santemc.quebec\/icentre\/wp-json\/wp\/v2\/posts\/191500\/revisions"}],"predecessor-version":[{"id":191550,"href":"https:\/\/santemc.quebec\/icentre\/wp-json\/wp\/v2\/posts\/191500\/revisions\/191550"}],"wp:attachment":[{"href":"https:\/\/santemc.quebec\/icentre\/wp-json\/wp\/v2\/media?parent=191500"}],"wp:term":[{"taxonomy":"category","embeddable":true,"href":"https:\/\/santemc.quebec\/icentre\/wp-json\/wp\/v2\/categories?post=191500"},{"taxonomy":"post_tag","embeddable":true,"href":"https:\/\/santemc.quebec\/icentre\/wp-json\/wp\/v2\/tags?post=191500"}],"curies":[{"name":"wp","href":"https:\/\/api.w.org\/{rel}","templated":true}]}}