{"id":191562,"date":"2020-11-13T15:24:34","date_gmt":"2020-11-13T20:24:34","guid":{"rendered":"http:\/\/santemc.quebec\/icentre\/?p=191562"},"modified":"2020-11-13T15:27:27","modified_gmt":"2020-11-13T20:27:27","slug":"on-est-la","status":"publish","type":"post","link":"https:\/\/santemc.quebec\/icentre\/on-est-la\/","title":{"rendered":"On est l\u00e0"},"content":{"rendered":"<p><a href=\"https:\/\/santemc.quebec\/santemc\/icentre\/wp-content\/uploads\/2020\/11\/on_est_la.jpg\"><img decoding=\"async\" loading=\"lazy\" class=\"wp-image-191563 size-large aligncenter\" src=\"https:\/\/santemc.quebec\/santemc\/icentre\/wp-content\/uploads\/2020\/11\/on_est_la-1024x141.jpg\" alt=\"\" width=\"584\" height=\"80\" srcset=\"https:\/\/santemc.quebec\/santemc\/icentre\/wp-content\/uploads\/2020\/11\/on_est_la-1024x141.jpg 1024w, https:\/\/santemc.quebec\/santemc\/icentre\/wp-content\/uploads\/2020\/11\/on_est_la-300x41.jpg 300w, https:\/\/santemc.quebec\/santemc\/icentre\/wp-content\/uploads\/2020\/11\/on_est_la-768x106.jpg 768w, https:\/\/santemc.quebec\/santemc\/icentre\/wp-content\/uploads\/2020\/11\/on_est_la-500x69.jpg 500w, https:\/\/santemc.quebec\/santemc\/icentre\/wp-content\/uploads\/2020\/11\/on_est_la.jpg 1318w\" sizes=\"(max-width: 584px) 100vw, 584px\" \/><\/a><\/p>\n<p><strong>Une initiative qui promeut les services d\u2019aide en sant\u00e9 mentale sur le territoire de Saint-Jean-sur-Richelieu<\/strong><\/p>\n<p>Le Centre de crise et de pr\u00e9vention du suicide du Haut-Richelieu\u2013Rouville, l\u2019\u00c9clusier du Haut-Richelieu, le Service de police de Saint-Jean-sur-Richelieu et le CISSS de la Mont\u00e9r\u00e9gie-Centre s\u2019unissent pour rappeler \u00e0 la population du territoire de Saint-Jean-sur-Richelieu que des ressources sont disponibles pour les aider, eux et leurs proches, lorsqu\u2019ils vivent des situations difficiles.<\/p>\n<p><!--more--><\/p>\n<p>Les partenaires r\u00e9unis derri\u00e8re cette initiative souhaitent dire aux personnes en difficult\u00e9 et \u00e0 leurs proches qu\u2019en situation de d\u00e9tresse psychologique ou d\u2019anxi\u00e9t\u00e9, des ressources sont l\u00e0 pour r\u00e9pondre \u00e0 leurs besoins.<\/p>\n<p>Rappelons que, sur l\u2019ensemble du territoire du CISSS de la Mont\u00e9r\u00e9gie-Centre, diff\u00e9rents services de soutien psychologique visant \u00e0 venir en aide aux personnes vuln\u00e9rables et, par cons\u00e9quent, \u00e0 pr\u00e9venir les situations de crise et suicides sont disponibles.<\/p>\n<p><strong>R\u00e9gion de Saint-Jean-sur-Richelieu <\/strong><\/p>\n<ul>\n<li>Le Centre de crise et de pr\u00e9vention du suicide du Haut-Richelieu\u2013Rouville : 450 348-6300<\/li>\n<li>L\u2019\u00c9clusier du Haut-Richelieu : 450 346-5252<\/li>\n<\/ul>\n<p><strong>R\u00e9gion de Longueuil<\/strong><\/p>\n<ul>\n<li>Le Centre de crise L\u2019Acc\u00e8s de Longueuil : 450 679-8689<\/li>\n<li>Association des parents et amis de la personne atteinte de la maladie mentale Rive-Sud (APAMM-RS) : 450 766-0524<\/li>\n<\/ul>\n<p><strong>Partout au Qu\u00e9bec<\/strong><\/p>\n<ul>\n<li>Info-Social 811<\/li>\n<li>1 866 APPELLE (277-3553)<\/li>\n<li>1 855 CRAQUER (272-7837) \u2013 Pour les proches<\/li>\n<\/ul>\n<p>Vous voulez en savoir plus sur les manifestations possibles du stress, de l\u2019anxi\u00e9t\u00e9 et de la d\u00e9prime? Consultez les <a href=\"https:\/\/www.santemonteregie.qc.ca\/conseils-sante\/coronavirus-covid-19#toc-stress-ou-anxi-t-\" target=\"_blank\" rel=\"noopener noreferrer\"><strong><em>diff\u00e9rents outils<\/em><\/strong><\/a> en lien avec la pand\u00e9mie, d\u00e9velopp\u00e9s par le minist\u00e8re de la Sant\u00e9 et des services sociaux.<\/p>\n","protected":false},"excerpt":{"rendered":"<p>Une initiative qui promeut les services d\u2019aide en sant\u00e9 mentale sur le territoire de Saint-Jean-sur-Richelieu Le Centre de crise et de pr\u00e9vention du suicide du Haut-Richelieu\u2013Rouville, l\u2019\u00c9clusier du Haut-Richelieu, le Service de police de Saint-Jean-sur-Richelieu et le CISSS de la &hellip; <a href=\"https:\/\/santemc.quebec\/icentre\/on-est-la\/\">Continuer la lecture <span class=\"meta-nav\">&rarr;<\/span><\/a><\/p>\n","protected":false},"author":9,"featured_media":0,"comment_status":"open","ping_status":"closed","sticky":false,"template":"","format":"standard","meta":{"footnotes":""},"categories":[1],"tags":[],"_links":{"self":[{"href":"https:\/\/santemc.quebec\/icentre\/wp-json\/wp\/v2\/posts\/191562"}],"collection":[{"href":"https:\/\/santemc.quebec\/icentre\/wp-json\/wp\/v2\/posts"}],"about":[{"href":"https:\/\/santemc.quebec\/icentre\/wp-json\/wp\/v2\/types\/post"}],"author":[{"embeddable":true,"href":"https:\/\/santemc.quebec\/icentre\/wp-json\/wp\/v2\/users\/9"}],"replies":[{"embeddable":true,"href":"https:\/\/santemc.quebec\/icentre\/wp-json\/wp\/v2\/comments?post=191562"}],"version-history":[{"count":2,"href":"https:\/\/santemc.quebec\/icentre\/wp-json\/wp\/v2\/posts\/191562\/revisions"}],"predecessor-version":[{"id":191565,"href":"https:\/\/santemc.quebec\/icentre\/wp-json\/wp\/v2\/posts\/191562\/revisions\/191565"}],"wp:attachment":[{"href":"https:\/\/santemc.quebec\/icentre\/wp-json\/wp\/v2\/media?parent=191562"}],"wp:term":[{"taxonomy":"category","embeddable":true,"href":"https:\/\/santemc.quebec\/icentre\/wp-json\/wp\/v2\/categories?post=191562"},{"taxonomy":"post_tag","embeddable":true,"href":"https:\/\/santemc.quebec\/icentre\/wp-json\/wp\/v2\/tags?post=191562"}],"curies":[{"name":"wp","href":"https:\/\/api.w.org\/{rel}","templated":true}]}}