{"id":192851,"date":"2020-12-23T10:35:23","date_gmt":"2020-12-23T15:35:23","guid":{"rendered":"http:\/\/santemc.quebec\/icentre\/?p=192851"},"modified":"2020-12-23T13:13:10","modified_gmt":"2020-12-23T18:13:10","slug":"un-immense-merci-a-lapproche-des-fetes-et-de-la-nouvelle-annee","status":"publish","type":"post","link":"https:\/\/santemc.quebec\/icentre\/un-immense-merci-a-lapproche-des-fetes-et-de-la-nouvelle-annee\/","title":{"rendered":"Un immense merci \u00e0 l\u2019approche des F\u00eates et de la nouvelle ann\u00e9e"},"content":{"rendered":"<p><a href=\"https:\/\/santemc.quebec\/santemc\/icentre\/wp-content\/uploads\/2015\/03\/Richard-Deschamps-2012-001-e1430408854308.jpg\"><img decoding=\"async\" loading=\"lazy\" class=\"size-medium alignleft\" src=\"https:\/\/santemc.quebec\/santemc\/icentre\/wp-content\/uploads\/2020\/04\/Capture-300x285.png\" width=\"300\" height=\"285\" \/><\/a>Bonjour,<\/p>\n<p>\u00c0 l\u2019approche des F\u00eates et de la nouvelle ann\u00e9e, j\u2019aimerais vous exprimer toute ma reconnaissance et ma gratitude pour la mobilisation dont vous faites preuve depuis<br \/>\nplusieurs mois d\u00e9j\u00e0. Je voudrais sp\u00e9cialement souligner les concessions que chacun d\u2019entre vous avez r\u00e9alis\u00e9es afin de soutenir la population \u00e0 travers cette pand\u00e9mie sans pr\u00e9c\u00e9dent tout en assurant la continuit\u00e9 de notre offre de soins et services. R\u00e9silience, courage et empathie sont des qualit\u00e9s que vous pouvez \u00eatre fiers d\u2019arborer en cette ann\u00e9e bien particuli\u00e8re.<!--more--><\/p>\n<p>Malgr\u00e9 l\u2019augmentation des cas dans la r\u00e9gion, je demeure optimiste quant \u00e0 la suite des choses. Depuis les tout d\u00e9buts de la crise, les travailleurs de la sant\u00e9 font l\u2019objet d\u2019un impressionnant mouvement de sympathie et d\u2019entraide. Je garde confiance en l\u2019adh\u00e9sion de la communaut\u00e9 aux r\u00e8gles sanitaires durant les F\u00eates et j\u2019esp\u00e8re que le d\u00e9but de la vaccination entra\u00eenera un regain de patience et de volont\u00e9 quant \u00e0 leur respect.<\/p>\n<p>Il va de soi que la distance avec les proches, tant pour nous que pour nos usagers et r\u00e9sidents, am\u00e8nera une autre dimension \u00e0 cette traditionnelle p\u00e9riode de rassemblement. L\u2019esprit des F\u00eates pr\u00eatera tout son sens \u00e0 la g\u00e9n\u00e9rosit\u00e9 cette ann\u00e9e. Le bonheur de se retrouver c\u00e8dera la place au plus noble des cadeaux : celui de pr\u00e9server la sant\u00e9 de nos proches. \u00c0 cet \u00e9gard, je vous invite \u00e0 c\u00e9l\u00e9brer autrement par de petits gestes significatifs et plus modestes, en gardant contact de fa\u00e7on virtuelle et en offrant r\u00e9confort et \u00e9coute aux personnes seules.<\/p>\n<p>En terminant, que se souhaiter pour 2021 sinon un retour \u00e0 la normale? Que nous puissions avancer plus forts et plus confiants en tirant le meilleur parti de cette aventure.<\/p>\n<p>D\u2019ici l\u00e0, pour tout ce que vous accomplissez et que vous \u00eates, je vous dis un immense MERCI.<\/p>\n<p>Passez de belles F\u00eates et une nouvelle ann\u00e9e pleine d\u2019espoir.<\/p>\n<p>Richard Deschamps, pr\u00e9sident-directeur g\u00e9n\u00e9ral<\/p>\n","protected":false},"excerpt":{"rendered":"<p>Bonjour, \u00c0 l\u2019approche des F\u00eates et de la nouvelle ann\u00e9e, j\u2019aimerais vous exprimer toute ma reconnaissance et ma gratitude pour la mobilisation dont vous faites preuve depuis plusieurs mois d\u00e9j\u00e0. Je voudrais sp\u00e9cialement souligner les concessions que chacun d\u2019entre vous &hellip; <a href=\"https:\/\/santemc.quebec\/icentre\/un-immense-merci-a-lapproche-des-fetes-et-de-la-nouvelle-annee\/\">Continuer la lecture <span class=\"meta-nav\">&rarr;<\/span><\/a><\/p>\n","protected":false},"author":1,"featured_media":0,"comment_status":"open","ping_status":"closed","sticky":false,"template":"","format":"standard","meta":{"footnotes":""},"categories":[1],"tags":[],"_links":{"self":[{"href":"https:\/\/santemc.quebec\/icentre\/wp-json\/wp\/v2\/posts\/192851"}],"collection":[{"href":"https:\/\/santemc.quebec\/icentre\/wp-json\/wp\/v2\/posts"}],"about":[{"href":"https:\/\/santemc.quebec\/icentre\/wp-json\/wp\/v2\/types\/post"}],"author":[{"embeddable":true,"href":"https:\/\/santemc.quebec\/icentre\/wp-json\/wp\/v2\/users\/1"}],"replies":[{"embeddable":true,"href":"https:\/\/santemc.quebec\/icentre\/wp-json\/wp\/v2\/comments?post=192851"}],"version-history":[{"count":8,"href":"https:\/\/santemc.quebec\/icentre\/wp-json\/wp\/v2\/posts\/192851\/revisions"}],"predecessor-version":[{"id":192866,"href":"https:\/\/santemc.quebec\/icentre\/wp-json\/wp\/v2\/posts\/192851\/revisions\/192866"}],"wp:attachment":[{"href":"https:\/\/santemc.quebec\/icentre\/wp-json\/wp\/v2\/media?parent=192851"}],"wp:term":[{"taxonomy":"category","embeddable":true,"href":"https:\/\/santemc.quebec\/icentre\/wp-json\/wp\/v2\/categories?post=192851"},{"taxonomy":"post_tag","embeddable":true,"href":"https:\/\/santemc.quebec\/icentre\/wp-json\/wp\/v2\/tags?post=192851"}],"curies":[{"name":"wp","href":"https:\/\/api.w.org\/{rel}","templated":true}]}}