{"id":192916,"date":"2020-12-23T19:40:03","date_gmt":"2020-12-24T00:40:03","guid":{"rendered":"http:\/\/santemc.quebec\/icentre\/?p=192916"},"modified":"2020-12-23T19:45:30","modified_gmt":"2020-12-24T00:45:30","slug":"debut-officiel-de-la-vaccination-contre-la-covid-19","status":"publish","type":"post","link":"https:\/\/santemc.quebec\/icentre\/debut-officiel-de-la-vaccination-contre-la-covid-19\/","title":{"rendered":"D\u00e9but officiel de la vaccination contre la COVID-19!"},"content":{"rendered":"<p>Le 23 d\u00e9cembre 2020 demeurera une date charni\u00e8re dans l\u2019histoire du CISSS de la Mont\u00e9r\u00e9gie-Centre. C\u2019est aujourd\u2019hui que les premiers vaccins contre la COVID-19 ont \u00e9t\u00e9 administr\u00e9s au site de vaccination du Quartier DIX30 \u00e0 Brossard. Johnny Inthisone, un employ\u00e9 du CHSLD Georges-Phaneuf fut le premier travailleur du CISSS de la Mont\u00e9r\u00e9gie-Centre \u00e0 recevoir le vaccin dans ce site. \u00ab J\u2019ai attrap\u00e9 la COVID-19; je viens tout juste de revenir au travail \u00bb mentionne celui qui a d\u00e9but\u00e9 dans notre organisation en mars dernier. \u00ab Ce n\u2019\u00e9tait pas facile. J\u2019ai \u00e9t\u00e9 tr\u00e8s malade et je suis jeune. Je me fais vacciner pour prot\u00e9ger les gens que je c\u00f4toie et leur \u00e9viter de vivre ce que j\u2019ai v\u00e9cu \u00bb termine le jeune homme.<\/p>\n<p><!--more--><\/p>\n<p>Quelques minutes plus t\u00f4t, Kristina Pr\u00e9vost, employ\u00e9e du CHSLD de Ch\u00e2teauguay fut la premi\u00e8re personne \u00e0 recevoir le vaccin. Mme Pr\u00e9vost se disait fi\u00e8re de vivre ce moment historique qu\u2019elle qualifie de \u00ab n\u00e9cessaire pour le bien des r\u00e9sidents que je c\u00f4toie chaque jour \u00bb.<\/p>\n<p>Pr\u00e9sents pour l\u2019occasion, M. Richard Deschamps, pr\u00e9sident-directeur g\u00e9n\u00e9ral du CISSS, et Dre Julie Loslier, directrice de sant\u00e9 publique de la Mont\u00e9r\u00e9gie, ont salu\u00e9 le d\u00e9but de cette op\u00e9ration en compagnie des travailleurs pr\u00e9sents. \u00ab Je suis fier du travail accompli par nos \u00e9quipes. Aujourd\u2019hui marque le d\u00e9but d\u2019une op\u00e9ration qui nous permettra de vaincre ce virus \u00bb mentionne M. Deschamps. Pour sa part, Dre Loslier souhaite envoyer un message aux travailleurs des CHSLD\u00a0: \u00ab Ce vaccin est s\u00e9curitaire et efficace. N\u2019h\u00e9sitez pas \u00e0 prendre rendez-vous si vous faites partie du personnel prioritaire! \u00bb<\/p>\n<p>Ce fut une premi\u00e8re journ\u00e9e historique forte en \u00e9motion au site de vaccination de Brossard; un premier pas vers le retour \u00e0 la normalit\u00e9. Voici d&rsquo;ailleurs quelques photos prises aujourd&rsquo;hui.<\/p>\n<p>&nbsp;<\/p>\n<p>[envira-gallery id=\u00a0\u00bb192906&Prime;]<\/p>\n","protected":false},"excerpt":{"rendered":"<p>Le 23 d\u00e9cembre 2020 demeurera une date charni\u00e8re dans l\u2019histoire du CISSS de la Mont\u00e9r\u00e9gie-Centre. C\u2019est aujourd\u2019hui que les premiers vaccins contre la COVID-19 ont \u00e9t\u00e9 administr\u00e9s au site de vaccination du Quartier DIX30 \u00e0 Brossard. Johnny Inthisone, un employ\u00e9 &hellip; <a href=\"https:\/\/santemc.quebec\/icentre\/debut-officiel-de-la-vaccination-contre-la-covid-19\/\">Continuer la lecture <span class=\"meta-nav\">&rarr;<\/span><\/a><\/p>\n","protected":false},"author":1,"featured_media":0,"comment_status":"open","ping_status":"closed","sticky":false,"template":"","format":"standard","meta":{"footnotes":""},"categories":[1],"tags":[],"_links":{"self":[{"href":"https:\/\/santemc.quebec\/icentre\/wp-json\/wp\/v2\/posts\/192916"}],"collection":[{"href":"https:\/\/santemc.quebec\/icentre\/wp-json\/wp\/v2\/posts"}],"about":[{"href":"https:\/\/santemc.quebec\/icentre\/wp-json\/wp\/v2\/types\/post"}],"author":[{"embeddable":true,"href":"https:\/\/santemc.quebec\/icentre\/wp-json\/wp\/v2\/users\/1"}],"replies":[{"embeddable":true,"href":"https:\/\/santemc.quebec\/icentre\/wp-json\/wp\/v2\/comments?post=192916"}],"version-history":[{"count":8,"href":"https:\/\/santemc.quebec\/icentre\/wp-json\/wp\/v2\/posts\/192916\/revisions"}],"predecessor-version":[{"id":192933,"href":"https:\/\/santemc.quebec\/icentre\/wp-json\/wp\/v2\/posts\/192916\/revisions\/192933"}],"wp:attachment":[{"href":"https:\/\/santemc.quebec\/icentre\/wp-json\/wp\/v2\/media?parent=192916"}],"wp:term":[{"taxonomy":"category","embeddable":true,"href":"https:\/\/santemc.quebec\/icentre\/wp-json\/wp\/v2\/categories?post=192916"},{"taxonomy":"post_tag","embeddable":true,"href":"https:\/\/santemc.quebec\/icentre\/wp-json\/wp\/v2\/tags?post=192916"}],"curies":[{"name":"wp","href":"https:\/\/api.w.org\/{rel}","templated":true}]}}