{"id":193249,"date":"2021-01-08T14:07:55","date_gmt":"2021-01-08T19:07:55","guid":{"rendered":"http:\/\/santemc.quebec\/icentre\/?p=193249"},"modified":"2021-01-08T14:07:55","modified_gmt":"2021-01-08T19:07:55","slug":"covid-19-ajout-dun-nouveau-groupe-demployes-et-medecins-priorises-pour-la-vaccination-contre-la-covid-19","status":"publish","type":"post","link":"https:\/\/santemc.quebec\/icentre\/covid-19-ajout-dun-nouveau-groupe-demployes-et-medecins-priorises-pour-la-vaccination-contre-la-covid-19\/","title":{"rendered":"COVID-19 : Ajout d\u2019un nouveau groupe d\u2019employ\u00e9s et m\u00e9decins prioris\u00e9s pour la vaccination contre la COVID-19"},"content":{"rendered":"<p><a href=\"https:\/\/santemc.quebec\/santemc\/icentre\/wp-content\/uploads\/2021\/01\/2021-01-08_CI_67_Ajout-nouveau-groupe-employes_vaccination_contre_COVID.pdf\" target=\"_blank\" rel=\"noopener noreferrer\">Lire le communiqu\u00e9 interne<\/a><\/p>\n<p>&nbsp;<\/p>\n<p>&nbsp;<\/p>\n","protected":false},"excerpt":{"rendered":"<p>Lire le communiqu\u00e9 interne &nbsp; &nbsp;<\/p>\n","protected":false},"author":1,"featured_media":0,"comment_status":"open","ping_status":"closed","sticky":false,"template":"","format":"standard","meta":{"footnotes":""},"categories":[1],"tags":[],"_links":{"self":[{"href":"https:\/\/santemc.quebec\/icentre\/wp-json\/wp\/v2\/posts\/193249"}],"collection":[{"href":"https:\/\/santemc.quebec\/icentre\/wp-json\/wp\/v2\/posts"}],"about":[{"href":"https:\/\/santemc.quebec\/icentre\/wp-json\/wp\/v2\/types\/post"}],"author":[{"embeddable":true,"href":"https:\/\/santemc.quebec\/icentre\/wp-json\/wp\/v2\/users\/1"}],"replies":[{"embeddable":true,"href":"https:\/\/santemc.quebec\/icentre\/wp-json\/wp\/v2\/comments?post=193249"}],"version-history":[{"count":1,"href":"https:\/\/santemc.quebec\/icentre\/wp-json\/wp\/v2\/posts\/193249\/revisions"}],"predecessor-version":[{"id":193251,"href":"https:\/\/santemc.quebec\/icentre\/wp-json\/wp\/v2\/posts\/193249\/revisions\/193251"}],"wp:attachment":[{"href":"https:\/\/santemc.quebec\/icentre\/wp-json\/wp\/v2\/media?parent=193249"}],"wp:term":[{"taxonomy":"category","embeddable":true,"href":"https:\/\/santemc.quebec\/icentre\/wp-json\/wp\/v2\/categories?post=193249"},{"taxonomy":"post_tag","embeddable":true,"href":"https:\/\/santemc.quebec\/icentre\/wp-json\/wp\/v2\/tags?post=193249"}],"curies":[{"name":"wp","href":"https:\/\/api.w.org\/{rel}","templated":true}]}}