{"id":193280,"date":"2021-01-08T16:32:51","date_gmt":"2021-01-08T21:32:51","guid":{"rendered":"http:\/\/santemc.quebec\/icentre\/?p=193280"},"modified":"2021-01-08T16:32:51","modified_gmt":"2021-01-08T21:32:51","slug":"covid-19-mise-a-jour-de-la-foire-aux-questions-5","status":"publish","type":"post","link":"https:\/\/santemc.quebec\/icentre\/covid-19-mise-a-jour-de-la-foire-aux-questions-5\/","title":{"rendered":"COVID-19 : Mise \u00e0 jour de la Foire aux questions"},"content":{"rendered":"<p>Des pr\u00e9cisions quant aux d\u00e9placements lors des heures de couvre-feu ont \u00e9t\u00e9 apport\u00e9es dans la section <a href=\"https:\/\/santemc.quebec\/icentre\/?page_id=185406#securite\" target=\"_blank\" rel=\"noopener noreferrer\">S\u00e9curit\u00e9<\/a>. Des ajouts de groupes prioritaires pour la vaccination ont aussi \u00e9t\u00e9 effectu\u00e9s dans la section <a href=\"https:\/\/santemc.quebec\/icentre\/?page_id=185406#vaccination\" target=\"_blank\" rel=\"noopener noreferrer\">Vaccination<\/a>.<\/p>\n<p>Lire la <a href=\"https:\/\/santemc.quebec\/icentre\/?page_id=185406\" target=\"_blank\" rel=\"noopener noreferrer\">Foire aux questions des employ\u00e9s.<\/a><\/p>\n","protected":false},"excerpt":{"rendered":"<p>Des pr\u00e9cisions quant aux d\u00e9placements lors des heures de couvre-feu ont \u00e9t\u00e9 apport\u00e9es dans la section S\u00e9curit\u00e9. Des ajouts de groupes prioritaires pour la vaccination ont aussi \u00e9t\u00e9 effectu\u00e9s dans la section Vaccination. Lire la Foire aux questions des employ\u00e9s.<\/p>\n","protected":false},"author":33,"featured_media":0,"comment_status":"open","ping_status":"closed","sticky":false,"template":"","format":"standard","meta":{"footnotes":""},"categories":[1],"tags":[],"_links":{"self":[{"href":"https:\/\/santemc.quebec\/icentre\/wp-json\/wp\/v2\/posts\/193280"}],"collection":[{"href":"https:\/\/santemc.quebec\/icentre\/wp-json\/wp\/v2\/posts"}],"about":[{"href":"https:\/\/santemc.quebec\/icentre\/wp-json\/wp\/v2\/types\/post"}],"author":[{"embeddable":true,"href":"https:\/\/santemc.quebec\/icentre\/wp-json\/wp\/v2\/users\/33"}],"replies":[{"embeddable":true,"href":"https:\/\/santemc.quebec\/icentre\/wp-json\/wp\/v2\/comments?post=193280"}],"version-history":[{"count":1,"href":"https:\/\/santemc.quebec\/icentre\/wp-json\/wp\/v2\/posts\/193280\/revisions"}],"predecessor-version":[{"id":193281,"href":"https:\/\/santemc.quebec\/icentre\/wp-json\/wp\/v2\/posts\/193280\/revisions\/193281"}],"wp:attachment":[{"href":"https:\/\/santemc.quebec\/icentre\/wp-json\/wp\/v2\/media?parent=193280"}],"wp:term":[{"taxonomy":"category","embeddable":true,"href":"https:\/\/santemc.quebec\/icentre\/wp-json\/wp\/v2\/categories?post=193280"},{"taxonomy":"post_tag","embeddable":true,"href":"https:\/\/santemc.quebec\/icentre\/wp-json\/wp\/v2\/tags?post=193280"}],"curies":[{"name":"wp","href":"https:\/\/api.w.org\/{rel}","templated":true}]}}