{"id":193360,"date":"2021-01-12T16:00:30","date_gmt":"2021-01-12T21:00:30","guid":{"rendered":"http:\/\/santemc.quebec\/icentre\/?p=193360"},"modified":"2021-01-12T16:00:30","modified_gmt":"2021-01-12T21:00:30","slug":"covid-19-mise-a-jour-de-la-foire-aux-questions-6","status":"publish","type":"post","link":"https:\/\/santemc.quebec\/icentre\/covid-19-mise-a-jour-de-la-foire-aux-questions-6\/","title":{"rendered":"COVID-19 : Mise \u00e0 jour de la Foire aux questions"},"content":{"rendered":"<p>Des pr\u00e9cisions ont \u00e9t\u00e9 apport\u00e9es concernant les sujets suivants :<\/p>\n<ul>\n<li>Documents n\u00e9cessaires lors des d\u00e9placements durant les heures de couvre-feu<\/li>\n<li>Vaccination sur les heures de travail<\/li>\n<li>Ergonomie de t\u00e9l\u00e9travail<\/li>\n<li>Installation de l&rsquo;application Virtuo sur les appareils intelligents<\/li>\n<\/ul>\n<p>Lire la <a href=\"https:\/\/santemc.quebec\/icentre\/?page_id=185406\" target=\"_blank\" rel=\"noopener noreferrer\">Foire aux questions des employ\u00e9s<\/a><\/p>\n","protected":false},"excerpt":{"rendered":"<p>Des pr\u00e9cisions ont \u00e9t\u00e9 apport\u00e9es concernant les sujets suivants : Documents n\u00e9cessaires lors des d\u00e9placements durant les heures de couvre-feu Vaccination sur les heures de travail Ergonomie de t\u00e9l\u00e9travail Installation de l&rsquo;application Virtuo sur les appareils intelligents Lire la Foire &hellip; <a href=\"https:\/\/santemc.quebec\/icentre\/covid-19-mise-a-jour-de-la-foire-aux-questions-6\/\">Continuer la lecture <span class=\"meta-nav\">&rarr;<\/span><\/a><\/p>\n","protected":false},"author":33,"featured_media":0,"comment_status":"open","ping_status":"closed","sticky":false,"template":"","format":"standard","meta":{"footnotes":""},"categories":[1],"tags":[],"_links":{"self":[{"href":"https:\/\/santemc.quebec\/icentre\/wp-json\/wp\/v2\/posts\/193360"}],"collection":[{"href":"https:\/\/santemc.quebec\/icentre\/wp-json\/wp\/v2\/posts"}],"about":[{"href":"https:\/\/santemc.quebec\/icentre\/wp-json\/wp\/v2\/types\/post"}],"author":[{"embeddable":true,"href":"https:\/\/santemc.quebec\/icentre\/wp-json\/wp\/v2\/users\/33"}],"replies":[{"embeddable":true,"href":"https:\/\/santemc.quebec\/icentre\/wp-json\/wp\/v2\/comments?post=193360"}],"version-history":[{"count":1,"href":"https:\/\/santemc.quebec\/icentre\/wp-json\/wp\/v2\/posts\/193360\/revisions"}],"predecessor-version":[{"id":193361,"href":"https:\/\/santemc.quebec\/icentre\/wp-json\/wp\/v2\/posts\/193360\/revisions\/193361"}],"wp:attachment":[{"href":"https:\/\/santemc.quebec\/icentre\/wp-json\/wp\/v2\/media?parent=193360"}],"wp:term":[{"taxonomy":"category","embeddable":true,"href":"https:\/\/santemc.quebec\/icentre\/wp-json\/wp\/v2\/categories?post=193360"},{"taxonomy":"post_tag","embeddable":true,"href":"https:\/\/santemc.quebec\/icentre\/wp-json\/wp\/v2\/tags?post=193360"}],"curies":[{"name":"wp","href":"https:\/\/api.w.org\/{rel}","templated":true}]}}