{"id":193390,"date":"2021-01-14T12:07:58","date_gmt":"2021-01-14T17:07:58","guid":{"rendered":"http:\/\/santemc.quebec\/icentre\/?p=193390"},"modified":"2021-01-14T12:12:33","modified_gmt":"2021-01-14T17:12:33","slug":"prolongation-jusquau-31-mars-du-credit-sur-lachat-de-crampons","status":"publish","type":"post","link":"https:\/\/santemc.quebec\/icentre\/prolongation-jusquau-31-mars-du-credit-sur-lachat-de-crampons\/","title":{"rendered":"Prolongation jusqu\u2019au 31 mars du cr\u00e9dit sur l\u2019achat de crampons"},"content":{"rendered":"<p><a href=\"https:\/\/santemc.quebec\/santemc\/icentre\/wp-content\/uploads\/2021\/01\/visuel_prolongation.png\"><img decoding=\"async\" loading=\"lazy\" class=\"size-medium wp-image-193394 alignleft\" src=\"https:\/\/santemc.quebec\/santemc\/icentre\/wp-content\/uploads\/2021\/01\/visuel_prolongation-300x135.png\" alt=\"\" width=\"300\" height=\"135\" srcset=\"https:\/\/santemc.quebec\/santemc\/icentre\/wp-content\/uploads\/2021\/01\/visuel_prolongation-300x135.png 300w, https:\/\/santemc.quebec\/santemc\/icentre\/wp-content\/uploads\/2021\/01\/visuel_prolongation-1024x461.png 1024w, https:\/\/santemc.quebec\/santemc\/icentre\/wp-content\/uploads\/2021\/01\/visuel_prolongation-768x346.png 768w, https:\/\/santemc.quebec\/santemc\/icentre\/wp-content\/uploads\/2021\/01\/visuel_prolongation-500x225.png 500w, https:\/\/santemc.quebec\/santemc\/icentre\/wp-content\/uploads\/2021\/01\/visuel_prolongation.png 1252w\" sizes=\"(max-width: 300px) 100vw, 300px\" \/><\/a>Bonne nouvelle pour tous les employ\u00e9s du CISSS de la Mont\u00e9r\u00e9gie-Centre qui souhaitent b\u00e9n\u00e9ficier du remboursement de 25 $ sur l\u2019achat de crampons : le projet qui devait prochainement prendre fin est prolong\u00e9 jusqu\u2019au 31 mars prochain!<\/p>\n<p><!--more--><\/p>\n<p>Mis sur pied en d\u00e9cembre dernier en collaboration avec le comit\u00e9 paritaire en sant\u00e9 et s\u00e9curit\u00e9 au travail, le cr\u00e9dit vise \u00e0 encourager les employ\u00e9s \u00e0 profiter de l\u2019hiver en toute s\u00e9curit\u00e9 en chaussant des crampons \u00e0 leurs pieds.<\/p>\n<p>Il va sans dire que la fermeture des commerces a frein\u00e9 l\u2019\u00e9lan de plusieurs employ\u00e9s d\u00e9sireux de b\u00e9n\u00e9ficier du cr\u00e9dit. La prolongation permettra au plus grand nombre de personnes possible de saisir l\u2019offre, dont celles qui pr\u00e9f\u00e8rent effectuer leur magasinage en pr\u00e9sence. Rappelons \u00e9galement que plusieurs excellents produits sont disponibles sur achat en ligne, dont certains mod\u00e8les se d\u00e9taillent \u00e0 moins de 30 $ la paire.<\/p>\n<p>En attendant d\u2019obtenir vos crampons, nous vous invitons \u00e0 demeurer prudents, que ce soit lors d\u2019activit\u00e9s de marches ou lors de vos d\u00e9placements sur les trottoirs et particuli\u00e8rement dans les stationnements.<\/p>\n<p><strong>Voici un rappel des modalit\u00e9s d\u2019acc\u00e8s au <\/strong><strong>cr\u00e9dit d\u2019achat de crampons<\/strong><\/p>\n<p><strong>Personnes vis\u00e9es par le remboursement<br \/>\n<\/strong>Les employ\u00e9s du CISSS de la Mont\u00e9r\u00e9gie-Centre qui n\u2019ont pas d\u00e9j\u00e0 de crampons fournis par l\u2019employeur dans le cadre de leurs fonctions.<\/p>\n<p>Un seul remboursement est autoris\u00e9 par employ\u00e9.<\/p>\n<p><strong>Montant du remboursement<br \/>\n<\/strong>Un maximum de 25 $, quel que soit le co\u00fbt des crampons, bottes ou chaussures \u00e0 crampons int\u00e9gr\u00e9s.<\/p>\n<p><strong>Types de crampons admissibles<br \/>\n<\/strong>Tout type, incluant les bottes et chaussures \u00e0 crampons int\u00e9gr\u00e9s.<\/p>\n<p><strong>D\u00e9lais pour profiter du projet<br \/>\n<\/strong>Du 10 d\u00e9cembre 2020 au 31 mars 2021<strong>\u00a0<\/strong><\/p>\n<p><strong>Comment obtenir un remboursement<br \/>\n<\/strong>\u00c0 partir du <a href=\"https:\/\/cisssmcvirtuo.rtss.qc.ca\/GuichetWeb\/\" target=\"_blank\" rel=\"noopener noreferrer\">Guichet Virtuo<\/a>, cliquez sur l\u2019onglet Compte de d\u00e9penses et remplissez une nouvelle demande (Ajouter). S\u00e9lectionnez la d\u00e9pense \u00ab\u00a0crampons\u00a0\u00bb dans le menu. N\u2019oubliez pas de joindre votre facture (dat\u00e9e entre le 10 d\u00e9cembre 2020 et le 31 mars 2021).<\/p>\n<p>Consultez la <a href=\"https:\/\/santemc.quebec\/santemc\/icentre\/wp-content\/uploads\/2019\/02\/Compte_depenses_employe.mp4\" target=\"_blank\" rel=\"noopener noreferrer\">Capsule vid\u00e9o<\/a> pour savoir comment cr\u00e9er un compte de d\u00e9pense \u00e0 partir du Guichet virtuo.<\/p>\n<p>Vous pouvez \u00e9galement vous adresser \u00e0 l\u2019intervenant responsable des feuilles de temps au sein de votre \u00e9quipe, s\u2019il y a lieu.<\/p>\n<p>Veillez noter que votre compte de d\u00e9pense est assujetti \u00e0 l\u2019approbation de votre gestionnaire.<\/p>\n<p><strong>Pour affichage sur vos secteurs, cliquez <a href=\"https:\/\/santemc.quebec\/santemc\/icentre\/wp-content\/uploads\/2021\/01\/affiche_crampons_prolongation.pdf\">ici<\/a>.<\/strong><\/p>\n","protected":false},"excerpt":{"rendered":"<p>Bonne nouvelle pour tous les employ\u00e9s du CISSS de la Mont\u00e9r\u00e9gie-Centre qui souhaitent b\u00e9n\u00e9ficier du remboursement de 25 $ sur l\u2019achat de crampons : le projet qui devait prochainement prendre fin est prolong\u00e9 jusqu\u2019au 31 mars prochain!<\/p>\n","protected":false},"author":9,"featured_media":0,"comment_status":"open","ping_status":"closed","sticky":false,"template":"","format":"standard","meta":{"footnotes":""},"categories":[1],"tags":[],"_links":{"self":[{"href":"https:\/\/santemc.quebec\/icentre\/wp-json\/wp\/v2\/posts\/193390"}],"collection":[{"href":"https:\/\/santemc.quebec\/icentre\/wp-json\/wp\/v2\/posts"}],"about":[{"href":"https:\/\/santemc.quebec\/icentre\/wp-json\/wp\/v2\/types\/post"}],"author":[{"embeddable":true,"href":"https:\/\/santemc.quebec\/icentre\/wp-json\/wp\/v2\/users\/9"}],"replies":[{"embeddable":true,"href":"https:\/\/santemc.quebec\/icentre\/wp-json\/wp\/v2\/comments?post=193390"}],"version-history":[{"count":2,"href":"https:\/\/santemc.quebec\/icentre\/wp-json\/wp\/v2\/posts\/193390\/revisions"}],"predecessor-version":[{"id":193395,"href":"https:\/\/santemc.quebec\/icentre\/wp-json\/wp\/v2\/posts\/193390\/revisions\/193395"}],"wp:attachment":[{"href":"https:\/\/santemc.quebec\/icentre\/wp-json\/wp\/v2\/media?parent=193390"}],"wp:term":[{"taxonomy":"category","embeddable":true,"href":"https:\/\/santemc.quebec\/icentre\/wp-json\/wp\/v2\/categories?post=193390"},{"taxonomy":"post_tag","embeddable":true,"href":"https:\/\/santemc.quebec\/icentre\/wp-json\/wp\/v2\/tags?post=193390"}],"curies":[{"name":"wp","href":"https:\/\/api.w.org\/{rel}","templated":true}]}}