{"id":193416,"date":"2021-01-14T17:10:25","date_gmt":"2021-01-14T22:10:25","guid":{"rendered":"http:\/\/santemc.quebec\/icentre\/?p=193416"},"modified":"2021-01-14T17:10:57","modified_gmt":"2021-01-14T22:10:57","slug":"la-vaccination-des-residents-des-chsld-contre-la-covid-bientot-terminee-en-monteregie","status":"publish","type":"post","link":"https:\/\/santemc.quebec\/icentre\/la-vaccination-des-residents-des-chsld-contre-la-covid-bientot-terminee-en-monteregie\/","title":{"rendered":"La vaccination des r\u00e9sidents des CHSLD contre la COVID bient\u00f4t termin\u00e9e en Mont\u00e9r\u00e9gie"},"content":{"rendered":"<p>La vaccination des r\u00e9sidents de tous les CHSLD de la Mont\u00e9r\u00e9gie sera termin\u00e9e en fin de journ\u00e9e aujourd\u2019hui. C\u2019est une excellente nouvelle pour un peu plus de 4000 r\u00e9sidents de ces ressources qui ont accept\u00e9 de recevoir le vaccin, sachant que la protection offerte par la premi\u00e8re dose est de plus de 90 %.<\/p>\n<p>Dans les prochains jours, les r\u00e9sidents des ressources interm\u00e9diaires (RI) et de type familial (RTF) seront vaccin\u00e9s. Nous entreprendrons par la suite la vaccination des gens qui habitent une r\u00e9sidence priv\u00e9e pour a\u00een\u00e9s qui font aussi partie des groupes prioritaires.<!--more--><\/p>\n<p>Comme le gouvernement du Qu\u00e9bec l\u2019a annonc\u00e9 en point de presse aujourd\u2019hui, la deuxi\u00e8me dose sera offerte dans un d\u00e9lai de 42 \u00e0 90 jours maximum dans le but de vacciner tr\u00e8s rapidement le plus de personnes vuln\u00e9rables \u00e0 la COVID-19.<\/p>\n<p>Parall\u00e8lement \u00e0 cela, plus de 12 000 travailleurs du r\u00e9seau de la sant\u00e9 ont \u00e9t\u00e9 vaccin\u00e9s dans l\u2019un des quatre sites externes qui seront utilis\u00e9s ultimement pour vacciner la population. Deux de ces sites ont ouvert leurs portes aujourd\u2019hui \u00e0 Longueuil et \u00e0 Candiac. Ils s\u2019ajoutent \u00e0 ceux de Saint-Hyacinthe et de Brossard o\u00f9 se d\u00e9roule la vaccination des travailleurs depuis le d\u00e9but de la campagne le 23 d\u00e9cembre dernier.<\/p>\n<p>En plus de vacciner les employ\u00e9s, des CHSLD, RI, RTF et du milieu hospitalier, nous avons commenc\u00e9 \u00e0 offrir le vaccin aux employ\u00e9s du soutien \u00e0 domicile aupr\u00e8s des personnes vuln\u00e9rables et \u00e0 des travailleurs de la sant\u00e9 \u0153uvrant en premi\u00e8re ligne.<\/p>\n<p>\u00ab La vaccination des r\u00e9sidents des CHSLD est une premi\u00e8re \u00e9tape tr\u00e8s importante dans cette campagne qui vise \u00e0 prot\u00e9ger le plus rapidement possible les personnes les plus vuln\u00e9rables. Nos \u00e9quipes sont mobilis\u00e9es et nous sommes pr\u00eats \u00e0 vacciner les gens rapidement, au fur et \u00e0 mesure que nous recevons des doses. J\u2019aimerais souligner l\u2019excellente collaboration des 3 CISSS de la Mont\u00e9r\u00e9gie \u00e0 cette op\u00e9ration essentielle pour prot\u00e9ger la sant\u00e9 de la population \u00bb, fait valoir la directrice de sant\u00e9 publique de la Mont\u00e9r\u00e9gie, Dre Julie Loslier.<\/p>\n<p>Pour suivre la progression de la campagne de vaccination en Mont\u00e9r\u00e9gie, nous vous invitons \u00e0 consulter ce lien : <a href=\"https:\/\/www.quebec.ca\/sante\/problemes-de-sante\/a-z\/coronavirus-2019\/situation-coronavirus-quebec\/donnees-sur-la-vaccination-covid-19\/\" target=\"_blank\" rel=\"noopener noreferrer\">https:\/\/www.quebec.ca\/sante\/problemes-de-sante\/a-z\/coronavirus-2019\/situation-coronavirus-quebec\/donnees-sur-la-vaccination-covid-19\/<\/a><\/p>\n","protected":false},"excerpt":{"rendered":"<p>La vaccination des r\u00e9sidents de tous les CHSLD de la Mont\u00e9r\u00e9gie sera termin\u00e9e en fin de journ\u00e9e aujourd\u2019hui. C\u2019est une excellente nouvelle pour un peu plus de 4000 r\u00e9sidents de ces ressources qui ont accept\u00e9 de recevoir le vaccin, sachant &hellip; <a href=\"https:\/\/santemc.quebec\/icentre\/la-vaccination-des-residents-des-chsld-contre-la-covid-bientot-terminee-en-monteregie\/\">Continuer la lecture <span class=\"meta-nav\">&rarr;<\/span><\/a><\/p>\n","protected":false},"author":1,"featured_media":0,"comment_status":"open","ping_status":"closed","sticky":false,"template":"","format":"standard","meta":{"footnotes":""},"categories":[1],"tags":[],"_links":{"self":[{"href":"https:\/\/santemc.quebec\/icentre\/wp-json\/wp\/v2\/posts\/193416"}],"collection":[{"href":"https:\/\/santemc.quebec\/icentre\/wp-json\/wp\/v2\/posts"}],"about":[{"href":"https:\/\/santemc.quebec\/icentre\/wp-json\/wp\/v2\/types\/post"}],"author":[{"embeddable":true,"href":"https:\/\/santemc.quebec\/icentre\/wp-json\/wp\/v2\/users\/1"}],"replies":[{"embeddable":true,"href":"https:\/\/santemc.quebec\/icentre\/wp-json\/wp\/v2\/comments?post=193416"}],"version-history":[{"count":2,"href":"https:\/\/santemc.quebec\/icentre\/wp-json\/wp\/v2\/posts\/193416\/revisions"}],"predecessor-version":[{"id":193418,"href":"https:\/\/santemc.quebec\/icentre\/wp-json\/wp\/v2\/posts\/193416\/revisions\/193418"}],"wp:attachment":[{"href":"https:\/\/santemc.quebec\/icentre\/wp-json\/wp\/v2\/media?parent=193416"}],"wp:term":[{"taxonomy":"category","embeddable":true,"href":"https:\/\/santemc.quebec\/icentre\/wp-json\/wp\/v2\/categories?post=193416"},{"taxonomy":"post_tag","embeddable":true,"href":"https:\/\/santemc.quebec\/icentre\/wp-json\/wp\/v2\/tags?post=193416"}],"curies":[{"name":"wp","href":"https:\/\/api.w.org\/{rel}","templated":true}]}}