{"id":193756,"date":"2021-02-01T16:53:18","date_gmt":"2021-02-01T21:53:18","guid":{"rendered":"http:\/\/santemc.quebec\/icentre\/?p=193756"},"modified":"2021-02-01T16:54:42","modified_gmt":"2021-02-01T21:54:42","slug":"la-semaine-de-prevention-du-suicide-2021-a-pour-theme-parler-du-suicide-sauve-des-vies","status":"publish","type":"post","link":"https:\/\/santemc.quebec\/icentre\/la-semaine-de-prevention-du-suicide-2021-a-pour-theme-parler-du-suicide-sauve-des-vies\/","title":{"rendered":"La Semaine de pr\u00e9vention du suicide 2021 a pour th\u00e8me  \u00ab Parler du suicide sauve des vies \u00bb"},"content":{"rendered":"<p><a href=\"https:\/\/cdn.ciusssnordmtl.ca\/documents\/Nouvelles\/2021\/Vignette_Hommes_FR_IG.jpg?1611942476\"><img decoding=\"async\" loading=\"lazy\" class=\"alignleft\" src=\"https:\/\/cdn.ciusssnordmtl.ca\/documents\/Nouvelles\/2021\/Vignette_Hommes_FR_IG.jpg?1611942476\" alt=\"\" width=\"311\" height=\"311\" \/><\/a>La 31e \u00e9dition de la Semaine nationale de pr\u00e9vention du suicide a lieu du 31 janvier au 6 f\u00e9vrier. Une campagne de sensibilisation ayant pour th\u00e8me Parler du suicide sauve des vies se d\u00e9roule \u00e0 cette occasion. Cette campagne, d\u00e9ploy\u00e9e par l\u2019Association qu\u00e9b\u00e9coise de pr\u00e9vention du suicide (AQPS), mise pour une quatri\u00e8me ann\u00e9e cons\u00e9cutive sur ce message qui met en lumi\u00e8re l\u2019importance de la prise de parole.<!--more--><\/p>\n<p>Encore une fois cette ann\u00e9e, la campagne interpelle les personnes de toutes les tranches d\u2019\u00e2ge et de tous les milieux. Nous sommes tous susceptibles d\u2019avoir besoin de parler et de recevoir de l\u2019aide psychologique \u00e0 certains moments de notre vie. Que nous soyons un professionnel de la sant\u00e9 qui \u00e9volue dans un contexte qui exige un grand don de soi, une personne retrait\u00e9e, ou un jeune qui fait face \u00e0 des d\u00e9fis dans sa vie personnelle, il est primordial de parler du sujet. Par le biais de son site https:\/\/www.aqps.info\/semaine\/, l\u2019AQPS propose des pistes pour tous ceux qui ont besoin de parler du suicide. Vous y retrouverez, entre autres, des vid\u00e9os, de l\u2019information sur la Semaine de pr\u00e9vention du suicide et des liens vers les ressources d\u2019aide.<\/p>\n<p>Nous profitons de l\u2019occasion pour vous rappeler que, sur l\u2019ensemble du territoire du CISSS de la Mont\u00e9r\u00e9gie-Centre, diff\u00e9rents services de soutien psychologique visant \u00e0 venir en aide aux personnes vivant un moment difficile et, par cons\u00e9quent, \u00e0 pr\u00e9venir les situations de crises et de suicides sont disponibles.<\/p>\n<p><strong>R\u00e9gion de Saint-Jean-sur-Richelieu<\/strong><\/p>\n<ul>\n<li>Le Centre de crise et de pr\u00e9vention du suicide du Haut-Richelieu-Rouville : 450 348-6300<\/li>\n<li>L\u2019\u00c9clusier du Haut-Richelieu : 450 346-5252 \u2013 Pour les proches<\/li>\n<\/ul>\n<p><strong>R\u00e9gion de Longueuil<\/strong><\/p>\n<ul>\n<li>Le Centre de crise l\u2019Acc\u00e8s : 450 679-8689<\/li>\n<li>L\u2019Association des parents et amis de la personne atteinte de maladie mentale Rive-Sud (APAMM-RS) : 450 766-0524 \u2013 Pour les proches<\/li>\n<\/ul>\n<p><strong>Partout au Qu\u00e9bec<\/strong><\/p>\n<ul>\n<li>Info-Social 811<\/li>\n<li>1 866 APPELLE (277-3553)<\/li>\n<li>1 855 CRAQUER (272-7837) \u2013 Pour les proches<\/li>\n<\/ul>\n<p><strong>Ressources pour les employ\u00e9s du CISSSMC<\/strong><\/p>\n<p>La pand\u00e9mie nous am\u00e8ne \u00e0 nous adapter \u00e0 des situations inhabituelles. Prendre soin de notre sant\u00e9 mentale est primordial. Vous avez besoin de parler, de ventiler, d\u2019\u00eatre conseill\u00e9 et d\u2019\u00eatre \u00e9cout\u00e9? Des ressources vous sont d\u00e9di\u00e9es :<\/p>\n<ul>\n<li>\u00c9quipe psychosociale COVID-19 : 514 820-8792 (CCLM) et 514 409-1037 (HRR) Programme d\u2019aide aux employ\u00e9s : 1 866 863-1486<\/li>\n<\/ul>\n<p>&nbsp;<\/p>\n","protected":false},"excerpt":{"rendered":"<p>La 31e \u00e9dition de la Semaine nationale de pr\u00e9vention du suicide a lieu du 31 janvier au 6 f\u00e9vrier. Une campagne de sensibilisation ayant pour th\u00e8me Parler du suicide sauve des vies se d\u00e9roule \u00e0 cette occasion. Cette campagne, d\u00e9ploy\u00e9e &hellip; <a href=\"https:\/\/santemc.quebec\/icentre\/la-semaine-de-prevention-du-suicide-2021-a-pour-theme-parler-du-suicide-sauve-des-vies\/\">Continuer la lecture <span class=\"meta-nav\">&rarr;<\/span><\/a><\/p>\n","protected":false},"author":1,"featured_media":0,"comment_status":"open","ping_status":"closed","sticky":false,"template":"","format":"standard","meta":{"footnotes":""},"categories":[1],"tags":[],"_links":{"self":[{"href":"https:\/\/santemc.quebec\/icentre\/wp-json\/wp\/v2\/posts\/193756"}],"collection":[{"href":"https:\/\/santemc.quebec\/icentre\/wp-json\/wp\/v2\/posts"}],"about":[{"href":"https:\/\/santemc.quebec\/icentre\/wp-json\/wp\/v2\/types\/post"}],"author":[{"embeddable":true,"href":"https:\/\/santemc.quebec\/icentre\/wp-json\/wp\/v2\/users\/1"}],"replies":[{"embeddable":true,"href":"https:\/\/santemc.quebec\/icentre\/wp-json\/wp\/v2\/comments?post=193756"}],"version-history":[{"count":3,"href":"https:\/\/santemc.quebec\/icentre\/wp-json\/wp\/v2\/posts\/193756\/revisions"}],"predecessor-version":[{"id":193759,"href":"https:\/\/santemc.quebec\/icentre\/wp-json\/wp\/v2\/posts\/193756\/revisions\/193759"}],"wp:attachment":[{"href":"https:\/\/santemc.quebec\/icentre\/wp-json\/wp\/v2\/media?parent=193756"}],"wp:term":[{"taxonomy":"category","embeddable":true,"href":"https:\/\/santemc.quebec\/icentre\/wp-json\/wp\/v2\/categories?post=193756"},{"taxonomy":"post_tag","embeddable":true,"href":"https:\/\/santemc.quebec\/icentre\/wp-json\/wp\/v2\/tags?post=193756"}],"curies":[{"name":"wp","href":"https:\/\/api.w.org\/{rel}","templated":true}]}}