{"id":193769,"date":"2021-02-03T08:46:45","date_gmt":"2021-02-03T13:46:45","guid":{"rendered":"http:\/\/santemc.quebec\/icentre\/?p=193769"},"modified":"2021-02-04T11:36:01","modified_gmt":"2021-02-04T16:36:01","slug":"semaine-de-la-canne-blanche-sensibiliser-la-population-aux-defis-que-doivent-relever-les-personnes-vivant-avec-une-perte-de-vision","status":"publish","type":"post","link":"https:\/\/santemc.quebec\/icentre\/semaine-de-la-canne-blanche-sensibiliser-la-population-aux-defis-que-doivent-relever-les-personnes-vivant-avec-une-perte-de-vision\/","title":{"rendered":"Semaine de la canne blanche : sensibiliser la population aux d\u00e9fis que doivent relever les personnes vivant avec une perte de vision"},"content":{"rendered":"<p>Chaque ann\u00e9e, d\u00e9but f\u00e9vrier marque la Semaine qu\u00e9b\u00e9coise de la canne blanche. Il s&rsquo;agit d&rsquo;une occasion de sensibiliser la population aux d\u00e9fis que doivent relever quotidiennement les personnes aveugles et malvoyantes au Qu\u00e9bec.<\/p>\n<p><!--more--><\/p>\n<p>En contexte de pand\u00e9mie, les challenges se multiplient pour tous. Mais imaginez-vous devoir respecter les deux m\u00e8tres de distance, devoir vous laver les mains avec de la solution qui n\u2019est pas toujours plac\u00e9e aux m\u00eames endroits, devoir vous d\u00e9placer dans des corridors qui ont \u00e9t\u00e9 r\u00e9invent\u00e9s ou m\u00eame suivre les fl\u00e8ches des all\u00e9es \u00e0 l\u2019\u00e9picerie, et ce, tout en ayant une perte de vision partielle ou totale. Imaginez-vous maintenant aveugle et ne pouvant plus utiliser vos mains autant pour toucher et apprendre le monde. Cette nouvelle r\u00e9alit\u00e9 est celle que les usagers et certains de nos coll\u00e8gues de l\u2019Institut Nazareth et Louis-Braille (INLB) vivent maintenant au quotidien.<\/p>\n<p>L\u2019environnement peut \u00e9videmment \u00eatre un obstacle ou un facilitateur pour la participation de la personne aux activit\u00e9s dans sa communaut\u00e9. Toutefois, outre l\u2019environnement physique, certaines strat\u00e9gies peuvent \u00eatre utilis\u00e9es afin de soutenir la personne ayant une d\u00e9ficience visuelle \u00e0 mieux s\u2019orienter.<\/p>\n<p>Quelques bonnes pratiques \u00e0 adopter\u00a0:<\/p>\n<ul>\n<li>Identifiez-vous et adressez-vous \u00e0 la personne en premier lieu en la nommant m\u00eame si elle accompagn\u00e9e.<\/li>\n<li>\u00c9vitez de vous placer dos \u00e0 une source lumineuse, la vision peut en \u00eatre g\u00ean\u00e9e.<\/li>\n<li>Parlez normalement, sans crainte d\u2019utiliser les termes <em>voir <\/em>ou <em>regarder<\/em>, \u00e7a peut \u00eatre utile pour certains qui ont une vision partielle.<\/li>\n<li>Soyez explicite dans vos explications. Par exemple, ne pas simplement lui dire de se rendre \u00e0 la porte 3, mais dire plut\u00f4t prenez la 3<sup>e<\/sup> porte sur votre droite.<\/li>\n<li>Aidez la personne \u00e0 explorer son environnement en d\u00e9crivant les lieux et en lui faisant toucher les meubles et les objets (si possible) afin de la situer.<\/li>\n<li>Les aires de circulation devraient \u00eatre d\u00e9sencombr\u00e9es.<\/li>\n<li>Informez-vous de son besoin et du mode de guidage qu\u2019elle pr\u00e9f\u00e8re : \u00ab Avez-vous besoin d\u2019aide et comment puis-je vous aider? \u00bb<\/li>\n<li>Lorsque vous quittez la conversation, faites-le savoir verbalement.<\/li>\n<\/ul>\n<p>L\u2019INLB offre une formation compl\u00e8te \u00e0 tous les employ\u00e9s du CISSS de la Mont\u00e9r\u00e9gie-Centre sur la fa\u00e7on de d\u00e9pister la d\u00e9ficience visuelle chez une personne, les bons coups \u00e0 faire et les erreurs \u00e0 \u00e9viter lorsque l\u2019on re\u00e7oit un usager \u2013 ou un coll\u00e8gue! \u2013 ayant une d\u00e9ficience visuelle. Il est aussi possible de faire une formation pour produire des documents accessibles avec Word et la formation \u00ab Rep\u00e9rage de la d\u00e9ficience visuelle chez les a\u00een\u00e9s \u00bb est disponible sur la plateforme de l\u2019Environnement num\u00e9rique d&rsquo;apprentissage (ENA) de la Formation continue partag\u00e9e (FCP).<\/p>\n<p>Pour plus d\u2019informations sur l\u2019ensemble des formations de l\u2019INLB\u00a0: <a href=\"mailto:formation.inlb@ssss.gouv.qc.ca\" target=\"_blank\" rel=\"noopener noreferrer\">formation.inlb@ssss.gouv.qc.ca<\/a><\/p>\n<p><a href=\"http:\/\/www.inlb.qc.ca\/grand-public\/comment-aider-une-personne-ayant-une-deficience-visuelle-document-pdf-adaptes-ou-word-adaptes-conseils-aux-automobilistes-utilisation-du-transport-en-commun-prevention-des-chutes\/\" target=\"_blank\" rel=\"noopener noreferrer\">Pour plus d\u2019informations sur comment aider une personne ayant une d\u00e9ficience visuelle<\/a><\/p>\n<div id=\"attachment_193772\" style=\"width: 210px\" class=\"wp-caption alignright\"><a href=\"https:\/\/santemc.quebec\/santemc\/icentre\/wp-content\/uploads\/2021\/02\/macaron2.png\"><img aria-describedby=\"caption-attachment-193772\" decoding=\"async\" loading=\"lazy\" class=\"wp-image-193772\" src=\"https:\/\/santemc.quebec\/santemc\/icentre\/wp-content\/uploads\/2021\/02\/macaron2.png\" alt=\"\" width=\"200\" height=\"195\" \/><\/a><p id=\"caption-attachment-193772\" class=\"wp-caption-text\">Macaron d&rsquo;identification pour personne vivant avec une surdic\u00e9cit\u00e9<\/p><\/div>\n<div id=\"attachment_193771\" style=\"width: 136px\" class=\"wp-caption alignleft\"><a href=\"https:\/\/santemc.quebec\/santemc\/icentre\/wp-content\/uploads\/2021\/02\/macaron.png\"><img aria-describedby=\"caption-attachment-193771\" decoding=\"async\" loading=\"lazy\" class=\"wp-image-193771 size-full\" src=\"https:\/\/santemc.quebec\/santemc\/icentre\/wp-content\/uploads\/2021\/02\/macaron.png\" alt=\"\" width=\"126\" height=\"203\" \/><\/a><p id=\"caption-attachment-193771\" class=\"wp-caption-text\">Macaron d&rsquo;identification du symbole international de la c\u00e9cit\u00e9<\/p><\/div>\n","protected":false},"excerpt":{"rendered":"<p>Chaque ann\u00e9e, d\u00e9but f\u00e9vrier marque la Semaine qu\u00e9b\u00e9coise de la canne blanche. Il s&rsquo;agit d&rsquo;une occasion de sensibiliser la population aux d\u00e9fis que doivent relever quotidiennement les personnes aveugles et malvoyantes au Qu\u00e9bec.<\/p>\n","protected":false},"author":9,"featured_media":0,"comment_status":"open","ping_status":"closed","sticky":false,"template":"","format":"standard","meta":{"footnotes":""},"categories":[1],"tags":[],"_links":{"self":[{"href":"https:\/\/santemc.quebec\/icentre\/wp-json\/wp\/v2\/posts\/193769"}],"collection":[{"href":"https:\/\/santemc.quebec\/icentre\/wp-json\/wp\/v2\/posts"}],"about":[{"href":"https:\/\/santemc.quebec\/icentre\/wp-json\/wp\/v2\/types\/post"}],"author":[{"embeddable":true,"href":"https:\/\/santemc.quebec\/icentre\/wp-json\/wp\/v2\/users\/9"}],"replies":[{"embeddable":true,"href":"https:\/\/santemc.quebec\/icentre\/wp-json\/wp\/v2\/comments?post=193769"}],"version-history":[{"count":3,"href":"https:\/\/santemc.quebec\/icentre\/wp-json\/wp\/v2\/posts\/193769\/revisions"}],"predecessor-version":[{"id":193807,"href":"https:\/\/santemc.quebec\/icentre\/wp-json\/wp\/v2\/posts\/193769\/revisions\/193807"}],"wp:attachment":[{"href":"https:\/\/santemc.quebec\/icentre\/wp-json\/wp\/v2\/media?parent=193769"}],"wp:term":[{"taxonomy":"category","embeddable":true,"href":"https:\/\/santemc.quebec\/icentre\/wp-json\/wp\/v2\/categories?post=193769"},{"taxonomy":"post_tag","embeddable":true,"href":"https:\/\/santemc.quebec\/icentre\/wp-json\/wp\/v2\/tags?post=193769"}],"curies":[{"name":"wp","href":"https:\/\/api.w.org\/{rel}","templated":true}]}}