{"id":193832,"date":"2021-02-05T16:14:02","date_gmt":"2021-02-05T21:14:02","guid":{"rendered":"http:\/\/santemc.quebec\/icentre\/?p=193832"},"modified":"2021-02-05T16:14:02","modified_gmt":"2021-02-05T21:14:02","slug":"covid-19-interruption-des-admissions-des-patients-covid-positifs-au-7-e-nord-de-lhhr-pour-une-periode-indeterminee","status":"publish","type":"post","link":"https:\/\/santemc.quebec\/icentre\/covid-19-interruption-des-admissions-des-patients-covid-positifs-au-7-e-nord-de-lhhr-pour-une-periode-indeterminee\/","title":{"rendered":"COVID-19  : Interruption des admissions des patients COVID positifs au 7 e Nord de l\u2019HHR pour une p\u00e9riode ind\u00e9termin\u00e9e"},"content":{"rendered":"<p><a href=\"https:\/\/santemc.quebec\/santemc\/icentre\/wp-content\/uploads\/2021\/02\/2021-02-05_NS_interruption_adm_7N_HHR.pdf\" target=\"_blank\" rel=\"noopener noreferrer\">Lire la note de service<\/a><\/p>\n<p>&nbsp;<\/p>\n","protected":false},"excerpt":{"rendered":"<p>Lire la note de service &nbsp;<\/p>\n","protected":false},"author":1,"featured_media":0,"comment_status":"open","ping_status":"closed","sticky":false,"template":"","format":"standard","meta":{"footnotes":""},"categories":[1],"tags":[],"_links":{"self":[{"href":"https:\/\/santemc.quebec\/icentre\/wp-json\/wp\/v2\/posts\/193832"}],"collection":[{"href":"https:\/\/santemc.quebec\/icentre\/wp-json\/wp\/v2\/posts"}],"about":[{"href":"https:\/\/santemc.quebec\/icentre\/wp-json\/wp\/v2\/types\/post"}],"author":[{"embeddable":true,"href":"https:\/\/santemc.quebec\/icentre\/wp-json\/wp\/v2\/users\/1"}],"replies":[{"embeddable":true,"href":"https:\/\/santemc.quebec\/icentre\/wp-json\/wp\/v2\/comments?post=193832"}],"version-history":[{"count":1,"href":"https:\/\/santemc.quebec\/icentre\/wp-json\/wp\/v2\/posts\/193832\/revisions"}],"predecessor-version":[{"id":193834,"href":"https:\/\/santemc.quebec\/icentre\/wp-json\/wp\/v2\/posts\/193832\/revisions\/193834"}],"wp:attachment":[{"href":"https:\/\/santemc.quebec\/icentre\/wp-json\/wp\/v2\/media?parent=193832"}],"wp:term":[{"taxonomy":"category","embeddable":true,"href":"https:\/\/santemc.quebec\/icentre\/wp-json\/wp\/v2\/categories?post=193832"},{"taxonomy":"post_tag","embeddable":true,"href":"https:\/\/santemc.quebec\/icentre\/wp-json\/wp\/v2\/tags?post=193832"}],"curies":[{"name":"wp","href":"https:\/\/api.w.org\/{rel}","templated":true}]}}