{"id":193838,"date":"2021-02-08T08:49:53","date_gmt":"2021-02-08T13:49:53","guid":{"rendered":"http:\/\/santemc.quebec\/icentre\/?p=193838"},"modified":"2021-02-08T08:49:53","modified_gmt":"2021-02-08T13:49:53","slug":"conference-midi-virtuelle-la-maltraitance-envers-les-personnes-ainees","status":"publish","type":"post","link":"https:\/\/santemc.quebec\/icentre\/conference-midi-virtuelle-la-maltraitance-envers-les-personnes-ainees\/","title":{"rendered":"Conf\u00e9rence-midi virtuelle : la maltraitance envers les personnes a\u00een\u00e9es"},"content":{"rendered":"<p><a href=\"https:\/\/santemc.quebec\/santemc\/icentre\/wp-content\/uploads\/2021\/02\/couple.png\"><img decoding=\"async\" loading=\"lazy\" class=\"size-full wp-image-193840 alignleft\" src=\"https:\/\/santemc.quebec\/santemc\/icentre\/wp-content\/uploads\/2021\/02\/couple.png\" alt=\"\" width=\"244\" height=\"142\" \/><\/a>Le ph\u00e9nom\u00e8ne social de la maltraitance est un sujet complexe et aux multiples facettes. Comme intervenants de sant\u00e9, mais \u00e9galement comme individus, comment bien s\u2019y retrouver?<\/p>\n<p><!--more--><\/p>\n<p>L\u2019ex\u00e9cutif du conseil multidisciplinaire du CISSS de la Mont\u00e9r\u00e9gie-Centre est heureux de vous inviter \u00e0 une conf\u00e9rence-midi virtuelle qui vous aidera \u00e0 bien comprendre les enjeux de la maltraitance et les responsabilit\u00e9s qui y sont associ\u00e9es.<\/p>\n<p>Mme Julie Despr\u00e9s, coordonnatrice r\u00e9gionale sp\u00e9cialis\u00e9e en mati\u00e8re de lutte contre la maltraitance envers les personnes a\u00een\u00e9es pour la r\u00e9gion de la Mont\u00e9r\u00e9gie, vous pr\u00e9sentera :<\/p>\n<ul>\n<li>un portrait de la concertation r\u00e9gionale;<\/li>\n<li>les grandes lignes de la Loi sur la maltraitance;<\/li>\n<li>quelques notions th\u00e9oriques;<\/li>\n<li>l&rsquo;obligation de signaler une situation;<\/li>\n<li>la bientraitance;<\/li>\n<li>les ressources et r\u00e9f\u00e9rences.<\/li>\n<\/ul>\n<p><strong>Date\u00a0: le jeudi 18 f\u00e9vrier de 12h \u00e0 13h<\/strong><\/p>\n<p><strong>Plateforme\u00a0: <\/strong>Teams<\/p>\n<p>Pour un visionnement sur un cellulaire ou une tablette, t\u00e9l\u00e9charger l\u2019application sur App Store (Apple) ou Play Store (Android).<\/p>\n<p>Pour un visionnement sur ordinateur avec audio ou \u00e9couteurs (la cam\u00e9ra n\u2019est pas requise), voici le lien pour t\u00e9l\u00e9charger l\u2019application\u00a0: <a href=\"https:\/\/can01.safelinks.protection.outlook.com\/?url=https%3A%2F%2Fwww.microsoft.com%2Ffr-ca%2Fmicrosoft-teams%2Fdownload-app&amp;data=04%7C01%7Cvilma.duval.cssshrr16%40ssss.gouv.qc.ca%7C59b475dda9194c294b9e08d8c9176af4%7C06e1fe285f8b4075bf6cae24be1a7992%7C0%7C0%7C637480449695636625%7CUnknown%7CTWFpbGZsb3d8eyJWIjoiMC4wLjAwMDAiLCJQIjoiV2luMzIiLCJBTiI6Ik1haWwiLCJXVCI6Mn0%3D%7C1000&amp;sdata=FiZJ19t2DoZIYxLRs6viSNeDut0rc0r7w0truDZHKzY%3D&amp;reserved=0\" target=\"_blank\" rel=\"noopener noreferrer\">https:\/\/www.microsoft.com\/fr-ca\/microsoft-teams\/download-app<\/a>.<\/p>\n<p><strong>Lien pour joindre la conf\u00e9rence\u00a0: <\/strong><a href=\"https:\/\/can01.safelinks.protection.outlook.com\/ap\/t-59584e83\/?url=https%3A%2F%2Fteams.microsoft.com%2Fl%2Fmeetup-join%2F19%253ameeting_OTc5YTg3YTItODZmMC00OWQyLWI4MWMtNjVhMmJiNGEzMWFh%2540thread.v2%2F0%3Fcontext%3D%257b%2522Tid%2522%253a%252206e1fe28-5f8b-4075-bf6c-ae24be1a7992%2522%252c%2522Oid%2522%253a%252299e9c71a-9f7c-4b9a-82b0-4b356e48f680%2522%257d&amp;data=04%7C01%7Cvilma.duval.cssshrr16%40ssss.gouv.qc.ca%7Cd052a69ca1aa44d2ff7a08d8c92e8001%7C06e1fe285f8b4075bf6cae24be1a7992%7C0%7C0%7C637480548841533934%7CUnknown%7CTWFpbGZsb3d8eyJWIjoiMC4wLjAwMDAiLCJQIjoiV2luMzIiLCJBTiI6Ik1haWwiLCJXVCI6Mn0%3D%7C1000&amp;sdata=AfUyhOfhbKleSM7T8MZda8EmELLwMQzODpAin9A1Xyc%3D&amp;reserved=0\" target=\"_blank\" rel=\"noopener noreferrer\">Cliquez ici pour participer \u00e0 la r\u00e9union<\/a><\/p>\n<p>\u00c0 mettre \u00e0 votre agenda!<\/p>\n","protected":false},"excerpt":{"rendered":"<p>Le ph\u00e9nom\u00e8ne social de la maltraitance est un sujet complexe et aux multiples facettes. Comme intervenants de sant\u00e9, mais \u00e9galement comme individus, comment bien s\u2019y retrouver?<\/p>\n","protected":false},"author":9,"featured_media":0,"comment_status":"open","ping_status":"closed","sticky":false,"template":"","format":"standard","meta":{"footnotes":""},"categories":[1],"tags":[],"_links":{"self":[{"href":"https:\/\/santemc.quebec\/icentre\/wp-json\/wp\/v2\/posts\/193838"}],"collection":[{"href":"https:\/\/santemc.quebec\/icentre\/wp-json\/wp\/v2\/posts"}],"about":[{"href":"https:\/\/santemc.quebec\/icentre\/wp-json\/wp\/v2\/types\/post"}],"author":[{"embeddable":true,"href":"https:\/\/santemc.quebec\/icentre\/wp-json\/wp\/v2\/users\/9"}],"replies":[{"embeddable":true,"href":"https:\/\/santemc.quebec\/icentre\/wp-json\/wp\/v2\/comments?post=193838"}],"version-history":[{"count":3,"href":"https:\/\/santemc.quebec\/icentre\/wp-json\/wp\/v2\/posts\/193838\/revisions"}],"predecessor-version":[{"id":193842,"href":"https:\/\/santemc.quebec\/icentre\/wp-json\/wp\/v2\/posts\/193838\/revisions\/193842"}],"wp:attachment":[{"href":"https:\/\/santemc.quebec\/icentre\/wp-json\/wp\/v2\/media?parent=193838"}],"wp:term":[{"taxonomy":"category","embeddable":true,"href":"https:\/\/santemc.quebec\/icentre\/wp-json\/wp\/v2\/categories?post=193838"},{"taxonomy":"post_tag","embeddable":true,"href":"https:\/\/santemc.quebec\/icentre\/wp-json\/wp\/v2\/tags?post=193838"}],"curies":[{"name":"wp","href":"https:\/\/api.w.org\/{rel}","templated":true}]}}