{"id":193938,"date":"2021-02-10T15:40:25","date_gmt":"2021-02-10T20:40:25","guid":{"rendered":"http:\/\/santemc.quebec\/icentre\/?p=193938"},"modified":"2021-02-10T15:40:25","modified_gmt":"2021-02-10T20:40:25","slug":"covid-19-reorganisation-des-unites-covid-du-centre-saint-lambert-et-du-snt-hotel-brossard","status":"publish","type":"post","link":"https:\/\/santemc.quebec\/icentre\/covid-19-reorganisation-des-unites-covid-du-centre-saint-lambert-et-du-snt-hotel-brossard\/","title":{"rendered":"COVID-19 : R\u00e9organisation des unit\u00e9s COVID du Centre Saint-Lambert et du SNT H\u00f4tel Brossard"},"content":{"rendered":"<p><a href=\"https:\/\/santemc.quebec\/santemc\/icentre\/wp-content\/uploads\/2021\/02\/2021-02-10_NS_R\u00e9organisation-des-unit\u00e9s-COVID-du-Centre-Saint-Lambert-et-du-SNT-H\u00f4tel-Brossard.pdf\" target=\"_blank\" rel=\"noopener noreferrer\">Lire la note de service<\/a><\/p>\n<p>&nbsp;<\/p>\n","protected":false},"excerpt":{"rendered":"<p>Lire la note de service &nbsp;<\/p>\n","protected":false},"author":1,"featured_media":0,"comment_status":"open","ping_status":"closed","sticky":false,"template":"","format":"standard","meta":{"footnotes":""},"categories":[1],"tags":[],"_links":{"self":[{"href":"https:\/\/santemc.quebec\/icentre\/wp-json\/wp\/v2\/posts\/193938"}],"collection":[{"href":"https:\/\/santemc.quebec\/icentre\/wp-json\/wp\/v2\/posts"}],"about":[{"href":"https:\/\/santemc.quebec\/icentre\/wp-json\/wp\/v2\/types\/post"}],"author":[{"embeddable":true,"href":"https:\/\/santemc.quebec\/icentre\/wp-json\/wp\/v2\/users\/1"}],"replies":[{"embeddable":true,"href":"https:\/\/santemc.quebec\/icentre\/wp-json\/wp\/v2\/comments?post=193938"}],"version-history":[{"count":1,"href":"https:\/\/santemc.quebec\/icentre\/wp-json\/wp\/v2\/posts\/193938\/revisions"}],"predecessor-version":[{"id":193940,"href":"https:\/\/santemc.quebec\/icentre\/wp-json\/wp\/v2\/posts\/193938\/revisions\/193940"}],"wp:attachment":[{"href":"https:\/\/santemc.quebec\/icentre\/wp-json\/wp\/v2\/media?parent=193938"}],"wp:term":[{"taxonomy":"category","embeddable":true,"href":"https:\/\/santemc.quebec\/icentre\/wp-json\/wp\/v2\/categories?post=193938"},{"taxonomy":"post_tag","embeddable":true,"href":"https:\/\/santemc.quebec\/icentre\/wp-json\/wp\/v2\/tags?post=193938"}],"curies":[{"name":"wp","href":"https:\/\/api.w.org\/{rel}","templated":true}]}}