{"id":193952,"date":"2021-02-11T19:32:41","date_gmt":"2021-02-12T00:32:41","guid":{"rendered":"http:\/\/santemc.quebec\/icentre\/?p=193952"},"modified":"2021-02-11T19:32:41","modified_gmt":"2021-02-12T00:32:41","slug":"ajout-dun-code-horaire-pour-les-personnes-salariees-en-teletravail","status":"publish","type":"post","link":"https:\/\/santemc.quebec\/icentre\/ajout-dun-code-horaire-pour-les-personnes-salariees-en-teletravail\/","title":{"rendered":"Ajout d\u2019un code horaire pour les personnes salari\u00e9es en t\u00e9l\u00e9travail"},"content":{"rendered":"<p><a href=\"https:\/\/santemc.quebec\/santemc\/icentre\/wp-content\/uploads\/2021\/02\/2021-02-11_NS_Ajout-code-horaire-teletravail_salariees.pdf\" target=\"_blank\" rel=\"noopener noreferrer\">Lire la note de service<\/a><\/p>\n<p>&nbsp;<\/p>\n","protected":false},"excerpt":{"rendered":"<p>Lire la note de service &nbsp;<\/p>\n","protected":false},"author":1,"featured_media":0,"comment_status":"open","ping_status":"closed","sticky":false,"template":"","format":"standard","meta":{"footnotes":""},"categories":[1],"tags":[],"_links":{"self":[{"href":"https:\/\/santemc.quebec\/icentre\/wp-json\/wp\/v2\/posts\/193952"}],"collection":[{"href":"https:\/\/santemc.quebec\/icentre\/wp-json\/wp\/v2\/posts"}],"about":[{"href":"https:\/\/santemc.quebec\/icentre\/wp-json\/wp\/v2\/types\/post"}],"author":[{"embeddable":true,"href":"https:\/\/santemc.quebec\/icentre\/wp-json\/wp\/v2\/users\/1"}],"replies":[{"embeddable":true,"href":"https:\/\/santemc.quebec\/icentre\/wp-json\/wp\/v2\/comments?post=193952"}],"version-history":[{"count":1,"href":"https:\/\/santemc.quebec\/icentre\/wp-json\/wp\/v2\/posts\/193952\/revisions"}],"predecessor-version":[{"id":193954,"href":"https:\/\/santemc.quebec\/icentre\/wp-json\/wp\/v2\/posts\/193952\/revisions\/193954"}],"wp:attachment":[{"href":"https:\/\/santemc.quebec\/icentre\/wp-json\/wp\/v2\/media?parent=193952"}],"wp:term":[{"taxonomy":"category","embeddable":true,"href":"https:\/\/santemc.quebec\/icentre\/wp-json\/wp\/v2\/categories?post=193952"},{"taxonomy":"post_tag","embeddable":true,"href":"https:\/\/santemc.quebec\/icentre\/wp-json\/wp\/v2\/tags?post=193952"}],"curies":[{"name":"wp","href":"https:\/\/api.w.org\/{rel}","templated":true}]}}