{"id":193956,"date":"2021-02-11T20:13:41","date_gmt":"2021-02-12T01:13:41","guid":{"rendered":"http:\/\/santemc.quebec\/icentre\/?p=193956"},"modified":"2021-02-11T20:16:32","modified_gmt":"2021-02-12T01:16:32","slug":"un-deuxieme-site-de-vaccination-contre-la-covid-19-sur-le-territoire-du-cisssmc","status":"publish","type":"post","link":"https:\/\/santemc.quebec\/icentre\/un-deuxieme-site-de-vaccination-contre-la-covid-19-sur-le-territoire-du-cisssmc\/","title":{"rendered":"Un deuxi\u00e8me site de vaccination contre la COVID-19 sur le territoire du CISSSMC"},"content":{"rendered":"<p>Notre organisation a proc\u00e9d\u00e9, au cours des derniers jours, \u00e0 l&rsquo;am\u00e9nagement d&rsquo;un local\u00a0\u00e0 Saint-Jean-sur-Richelieu,\u00a0en pr\u00e9vision d&rsquo;une ouverture prochaine d\u2019un deuxi\u00e8me site de vaccination sur le territoire du CISSS.<\/p>\n<p>Nous vous invitons \u00e0 d\u00e9couvrir, en primeur, les photos de l\u2019am\u00e9nagement des diff\u00e9rents espaces de ce nouveau site (voir ci-bas). F\u00e9licitations \u00e0 tous ceux qui ont particip\u00e9 aux travaux pr\u00e9paratoires de ce nouveau site de vaccination !<!--more--><\/p>\n<p>[envira-gallery id=\u00a0\u00bb193958&Prime;]<\/p>\n<p>&nbsp;<\/p>\n","protected":false},"excerpt":{"rendered":"<p>Notre organisation a proc\u00e9d\u00e9, au cours des derniers jours, \u00e0 l&rsquo;am\u00e9nagement d&rsquo;un local\u00a0\u00e0 Saint-Jean-sur-Richelieu,\u00a0en pr\u00e9vision d&rsquo;une ouverture prochaine d\u2019un deuxi\u00e8me site de vaccination sur le territoire du CISSS. Nous vous invitons \u00e0 d\u00e9couvrir, en primeur, les photos de l\u2019am\u00e9nagement des &hellip; <a href=\"https:\/\/santemc.quebec\/icentre\/un-deuxieme-site-de-vaccination-contre-la-covid-19-sur-le-territoire-du-cisssmc\/\">Continuer la lecture <span class=\"meta-nav\">&rarr;<\/span><\/a><\/p>\n","protected":false},"author":1,"featured_media":0,"comment_status":"open","ping_status":"closed","sticky":false,"template":"","format":"standard","meta":{"footnotes":""},"categories":[1],"tags":[],"_links":{"self":[{"href":"https:\/\/santemc.quebec\/icentre\/wp-json\/wp\/v2\/posts\/193956"}],"collection":[{"href":"https:\/\/santemc.quebec\/icentre\/wp-json\/wp\/v2\/posts"}],"about":[{"href":"https:\/\/santemc.quebec\/icentre\/wp-json\/wp\/v2\/types\/post"}],"author":[{"embeddable":true,"href":"https:\/\/santemc.quebec\/icentre\/wp-json\/wp\/v2\/users\/1"}],"replies":[{"embeddable":true,"href":"https:\/\/santemc.quebec\/icentre\/wp-json\/wp\/v2\/comments?post=193956"}],"version-history":[{"count":3,"href":"https:\/\/santemc.quebec\/icentre\/wp-json\/wp\/v2\/posts\/193956\/revisions"}],"predecessor-version":[{"id":193965,"href":"https:\/\/santemc.quebec\/icentre\/wp-json\/wp\/v2\/posts\/193956\/revisions\/193965"}],"wp:attachment":[{"href":"https:\/\/santemc.quebec\/icentre\/wp-json\/wp\/v2\/media?parent=193956"}],"wp:term":[{"taxonomy":"category","embeddable":true,"href":"https:\/\/santemc.quebec\/icentre\/wp-json\/wp\/v2\/categories?post=193956"},{"taxonomy":"post_tag","embeddable":true,"href":"https:\/\/santemc.quebec\/icentre\/wp-json\/wp\/v2\/tags?post=193956"}],"curies":[{"name":"wp","href":"https:\/\/api.w.org\/{rel}","templated":true}]}}