{"id":193988,"date":"2021-02-12T15:59:13","date_gmt":"2021-02-12T20:59:13","guid":{"rendered":"http:\/\/santemc.quebec\/icentre\/?p=193988"},"modified":"2021-02-12T15:59:13","modified_gmt":"2021-02-12T20:59:13","slug":"covid-19-mise-a-jour-de-la-foire-aux-questions-8","status":"publish","type":"post","link":"https:\/\/santemc.quebec\/icentre\/covid-19-mise-a-jour-de-la-foire-aux-questions-8\/","title":{"rendered":"COVID-19 : Mise \u00e0 jour de la Foire aux questions"},"content":{"rendered":"<p>Une toute nouvelle section<em> T\u00e9l\u00e9travail<\/em> a \u00e9t\u00e9 cr\u00e9\u00e9e et des informations suppl\u00e9mentaires dans les sections <em>Ressources d&rsquo;aide<\/em> et<em> \u00c9quipement<\/em> ont \u00e9t\u00e9 ajout\u00e9es.<\/p>\n<p><a href=\"https:\/\/santemc.quebec\/icentre\/?page_id=185406\" target=\"_blank\" rel=\"noopener noreferrer\">Lire la Foire aux questions des employ\u00e9s.\u00a0<\/a><\/p>\n","protected":false},"excerpt":{"rendered":"<p>Une toute nouvelle section T\u00e9l\u00e9travail a \u00e9t\u00e9 cr\u00e9\u00e9e et des informations suppl\u00e9mentaires dans les sections Ressources d&rsquo;aide et \u00c9quipement ont \u00e9t\u00e9 ajout\u00e9es. Lire la Foire aux questions des employ\u00e9s.\u00a0<\/p>\n","protected":false},"author":33,"featured_media":0,"comment_status":"open","ping_status":"closed","sticky":false,"template":"","format":"standard","meta":{"footnotes":""},"categories":[1],"tags":[],"_links":{"self":[{"href":"https:\/\/santemc.quebec\/icentre\/wp-json\/wp\/v2\/posts\/193988"}],"collection":[{"href":"https:\/\/santemc.quebec\/icentre\/wp-json\/wp\/v2\/posts"}],"about":[{"href":"https:\/\/santemc.quebec\/icentre\/wp-json\/wp\/v2\/types\/post"}],"author":[{"embeddable":true,"href":"https:\/\/santemc.quebec\/icentre\/wp-json\/wp\/v2\/users\/33"}],"replies":[{"embeddable":true,"href":"https:\/\/santemc.quebec\/icentre\/wp-json\/wp\/v2\/comments?post=193988"}],"version-history":[{"count":1,"href":"https:\/\/santemc.quebec\/icentre\/wp-json\/wp\/v2\/posts\/193988\/revisions"}],"predecessor-version":[{"id":193989,"href":"https:\/\/santemc.quebec\/icentre\/wp-json\/wp\/v2\/posts\/193988\/revisions\/193989"}],"wp:attachment":[{"href":"https:\/\/santemc.quebec\/icentre\/wp-json\/wp\/v2\/media?parent=193988"}],"wp:term":[{"taxonomy":"category","embeddable":true,"href":"https:\/\/santemc.quebec\/icentre\/wp-json\/wp\/v2\/categories?post=193988"},{"taxonomy":"post_tag","embeddable":true,"href":"https:\/\/santemc.quebec\/icentre\/wp-json\/wp\/v2\/tags?post=193988"}],"curies":[{"name":"wp","href":"https:\/\/api.w.org\/{rel}","templated":true}]}}