{"id":194039,"date":"2021-02-17T15:38:36","date_gmt":"2021-02-17T20:38:36","guid":{"rendered":"http:\/\/santemc.quebec\/icentre\/?p=194039"},"modified":"2021-02-17T15:39:23","modified_gmt":"2021-02-17T20:39:23","slug":"rappel-conference-midi-virtuelle-du-18-fevrier-la-maltraitance-envers-les-personnes-ainees","status":"publish","type":"post","link":"https:\/\/santemc.quebec\/icentre\/rappel-conference-midi-virtuelle-du-18-fevrier-la-maltraitance-envers-les-personnes-ainees\/","title":{"rendered":"Rappel &#8211; Conf\u00e9rence-midi virtuelle du 18 f\u00e9vrier : la maltraitance envers les personnes a\u00een\u00e9es"},"content":{"rendered":"<p>\u00c0 ajouter \u00e0 votre agenda!<\/p>\n<p>Conf\u00e9rence-midi virtuelle : la maltraitance envers les personnes a\u00een\u00e9es, anim\u00e9e par Mme Julie Despr\u00e9s, coordonnatrice r\u00e9gionale sp\u00e9cialis\u00e9e en mati\u00e8re de lutte contre la maltraitance envers les personnes a\u00een\u00e9es pour la r\u00e9gion de la Mont\u00e9r\u00e9gie.<\/p>\n<p><a href=\"https:\/\/santemc.quebec\/santemc\/icentre\/?p=193838\">Tous les renseignements<\/a><\/p>\n","protected":false},"excerpt":{"rendered":"<p>\u00c0 ajouter \u00e0 votre agenda! Conf\u00e9rence-midi virtuelle : la maltraitance envers les personnes a\u00een\u00e9es, anim\u00e9e par Mme Julie Despr\u00e9s, coordonnatrice r\u00e9gionale sp\u00e9cialis\u00e9e en mati\u00e8re de lutte contre la maltraitance envers les personnes a\u00een\u00e9es pour la r\u00e9gion de la Mont\u00e9r\u00e9gie. Tous &hellip; <a href=\"https:\/\/santemc.quebec\/icentre\/rappel-conference-midi-virtuelle-du-18-fevrier-la-maltraitance-envers-les-personnes-ainees\/\">Continuer la lecture <span class=\"meta-nav\">&rarr;<\/span><\/a><\/p>\n","protected":false},"author":1,"featured_media":0,"comment_status":"open","ping_status":"closed","sticky":false,"template":"","format":"standard","meta":{"footnotes":""},"categories":[1],"tags":[],"_links":{"self":[{"href":"https:\/\/santemc.quebec\/icentre\/wp-json\/wp\/v2\/posts\/194039"}],"collection":[{"href":"https:\/\/santemc.quebec\/icentre\/wp-json\/wp\/v2\/posts"}],"about":[{"href":"https:\/\/santemc.quebec\/icentre\/wp-json\/wp\/v2\/types\/post"}],"author":[{"embeddable":true,"href":"https:\/\/santemc.quebec\/icentre\/wp-json\/wp\/v2\/users\/1"}],"replies":[{"embeddable":true,"href":"https:\/\/santemc.quebec\/icentre\/wp-json\/wp\/v2\/comments?post=194039"}],"version-history":[{"count":2,"href":"https:\/\/santemc.quebec\/icentre\/wp-json\/wp\/v2\/posts\/194039\/revisions"}],"predecessor-version":[{"id":194041,"href":"https:\/\/santemc.quebec\/icentre\/wp-json\/wp\/v2\/posts\/194039\/revisions\/194041"}],"wp:attachment":[{"href":"https:\/\/santemc.quebec\/icentre\/wp-json\/wp\/v2\/media?parent=194039"}],"wp:term":[{"taxonomy":"category","embeddable":true,"href":"https:\/\/santemc.quebec\/icentre\/wp-json\/wp\/v2\/categories?post=194039"},{"taxonomy":"post_tag","embeddable":true,"href":"https:\/\/santemc.quebec\/icentre\/wp-json\/wp\/v2\/tags?post=194039"}],"curies":[{"name":"wp","href":"https:\/\/api.w.org\/{rel}","templated":true}]}}