{"id":194078,"date":"2021-02-18T15:28:50","date_gmt":"2021-02-18T20:28:50","guid":{"rendered":"http:\/\/santemc.quebec\/icentre\/?p=194078"},"modified":"2021-02-18T19:29:18","modified_gmt":"2021-02-19T00:29:18","slug":"covid-19-deploiement-de-la-nouvelle-requete-provinciale-pour-les-prelevements-pour-la-covid-19","status":"publish","type":"post","link":"https:\/\/santemc.quebec\/icentre\/covid-19-deploiement-de-la-nouvelle-requete-provinciale-pour-les-prelevements-pour-la-covid-19\/","title":{"rendered":"COVID-19 : D\u00e9ploiement de la nouvelle requ\u00eate provinciale pour les pr\u00e9l\u00e8vements pour la COVID-19"},"content":{"rendered":"<p><a href=\"https:\/\/santemc.quebec\/santemc\/icentre\/wp-content\/uploads\/2021\/02\/2021-02-18_NS_Nouveau_Formulaire_provincial_prelevement_COVID19-CISSSMC.pdf\" target=\"_blank\" rel=\"noopener noreferrer\">Lire la note de service<\/a><br \/>\n<a href=\"https:\/\/santemc.quebec\/santemc\/icentre\/wp-content\/uploads\/2021\/02\/2021-02-18_PJ_Nouveau_Formulaire_provincial_prelevement_COVID19.pdf\" target=\"_blank\" rel=\"noopener noreferrer\">Requ\u00eate COVID-19<\/a><\/p>\n","protected":false},"excerpt":{"rendered":"<p>Lire la note de service Requ\u00eate COVID-19<\/p>\n","protected":false},"author":1,"featured_media":0,"comment_status":"open","ping_status":"closed","sticky":false,"template":"","format":"standard","meta":{"footnotes":""},"categories":[1],"tags":[],"_links":{"self":[{"href":"https:\/\/santemc.quebec\/icentre\/wp-json\/wp\/v2\/posts\/194078"}],"collection":[{"href":"https:\/\/santemc.quebec\/icentre\/wp-json\/wp\/v2\/posts"}],"about":[{"href":"https:\/\/santemc.quebec\/icentre\/wp-json\/wp\/v2\/types\/post"}],"author":[{"embeddable":true,"href":"https:\/\/santemc.quebec\/icentre\/wp-json\/wp\/v2\/users\/1"}],"replies":[{"embeddable":true,"href":"https:\/\/santemc.quebec\/icentre\/wp-json\/wp\/v2\/comments?post=194078"}],"version-history":[{"count":1,"href":"https:\/\/santemc.quebec\/icentre\/wp-json\/wp\/v2\/posts\/194078\/revisions"}],"predecessor-version":[{"id":194081,"href":"https:\/\/santemc.quebec\/icentre\/wp-json\/wp\/v2\/posts\/194078\/revisions\/194081"}],"wp:attachment":[{"href":"https:\/\/santemc.quebec\/icentre\/wp-json\/wp\/v2\/media?parent=194078"}],"wp:term":[{"taxonomy":"category","embeddable":true,"href":"https:\/\/santemc.quebec\/icentre\/wp-json\/wp\/v2\/categories?post=194078"},{"taxonomy":"post_tag","embeddable":true,"href":"https:\/\/santemc.quebec\/icentre\/wp-json\/wp\/v2\/tags?post=194078"}],"curies":[{"name":"wp","href":"https:\/\/api.w.org\/{rel}","templated":true}]}}