{"id":194123,"date":"2021-02-22T09:08:20","date_gmt":"2021-02-22T14:08:20","guid":{"rendered":"http:\/\/santemc.quebec\/icentre\/?p=194123"},"modified":"2021-02-22T17:19:32","modified_gmt":"2021-02-22T22:19:32","slug":"flash-ca-les-nouvelles-de-la-seance-du-conseil-dadministration-du-2-fevrier-2017-copy-copy-copy-copy-copy-copy-copy-copy-copy-copy-copy-copy-copy-copy-copy-copy-copy-copy-copy-copy-copy","status":"publish","type":"post","link":"https:\/\/santemc.quebec\/icentre\/flash-ca-les-nouvelles-de-la-seance-du-conseil-dadministration-du-2-fevrier-2017-copy-copy-copy-copy-copy-copy-copy-copy-copy-copy-copy-copy-copy-copy-copy-copy-copy-copy-copy-copy-copy\/","title":{"rendered":"Flash CA \u2013 Les nouvelles de la s\u00e9ance du conseil d\u2019administration du 28 janvier"},"content":{"rendered":"<p><strong><img decoding=\"async\" loading=\"lazy\" class=\"alignleft wp-image-1416 size-thumbnail\" src=\"http:\/\/santemc.quebec\/santemc\/icentre\/wp-content\/uploads\/2015\/12\/flashcaicentre-150x150.jpg\" alt=\"flashcaicentre\" width=\"150\" height=\"150\" srcset=\"https:\/\/santemc.quebec\/santemc\/icentre\/wp-content\/uploads\/2015\/12\/flashcaicentre-150x150.jpg 150w, https:\/\/santemc.quebec\/santemc\/icentre\/wp-content\/uploads\/2015\/12\/flashcaicentre-300x300.jpg 300w, https:\/\/santemc.quebec\/santemc\/icentre\/wp-content\/uploads\/2015\/12\/flashcaicentre.jpg 400w\" sizes=\"(max-width: 150px) 100vw, 150px\" \/><\/strong>Le Flash CA revient sur les points d&rsquo;information et les grands dossiers organisationnels qui sont discut\u00e9s aux s\u00e9ances publiques du conseil d\u2019administration du CISSS de la Mont\u00e9r\u00e9gie-Centre.<\/p>\n<p>Consultez aussi la <a href=\"https:\/\/santemc.quebec\/santemc\/icentre\/wp-content\/uploads\/2021\/02\/flashCA_20210128.pdf\" target=\"_blank\" rel=\"noopener noreferrer\">version PDF du Flash CA<\/a>.<\/p>\n<p><!--more--><\/p>\n<p><strong style=\"color: #ff6600;\"><strong>AFFAIRES FINANCI\u00c8RES<\/strong><\/strong><\/p>\n<p><strong>R\u00e9sultats financiers de l\u2019exercice 2020-2021 (\u00e0 la fin de la p\u00e9riode 9 se terminant le 5 d\u00e9cembre 2020)<\/strong><br \/>\nEn date de la p\u00e9riode 9, se terminant le 5 d\u00e9cembre 2020, un d\u00e9ficit de 6,6 M$ est pr\u00e9vu au 31 mars 2021. Celui-ci est attribuable \u00e0 l\u2019augmentation des d\u00e9penses en m\u00e9dicaments on\u00e9reux, notamment les mol\u00e9cules antin\u00e9oplasiques et le Spinraza.<\/p>\n<p><strong>Rapport trimestriel 2020-2021 (p\u00e9riode 9 se terminant le 5 d\u00e9cembre 2020)<\/strong><br \/>\nLe rapport trimestriel pr\u00e9sente l\u2019\u00e9quilibre budg\u00e9taire au 31 mars 2021 au fonds d\u2019exploitation \u00e0 l\u2019exception du d\u00e9ficit de 6,6 M$ d\u00e9coulant de l\u2019augmentation des d\u00e9penses en m\u00e9dicaments on\u00e9reux.<\/p>\n<p><strong>Co\u00fbts li\u00e9s \u00e0 la pand\u00e9mie (cumulatif \u00e0 la p\u00e9riode 9)<\/strong><br \/>\nAu 5 d\u00e9cembre 2020, soit \u00e0 la date de fermeture de la p\u00e9riode 9, les co\u00fbts additionnels cumulatifs reli\u00e9s \u00e0 la COVID-19 pour l\u2019ann\u00e9e 2020-2021 s\u2019\u00e9levaient \u00e0 195,8 M$.<\/p>\n<p><strong>Cession des actifs et passifs de la Soci\u00e9t\u00e9 qu\u00e9b\u00e9coise des infrastructures (SQI)<\/strong><br \/>\nAfin de corriger la mention \u00e9mise chaque ann\u00e9e par le Bureau du v\u00e9rificateur g\u00e9n\u00e9ral pour assurer la coh\u00e9rence des \u00e9tats financiers et les divers enjeux s&rsquo;y reliant, un d\u00e9cret autorisant le transfert des actifs et passifs de la SQI vers les \u00e9tablissements concern\u00e9s sera pr\u00e9sent\u00e9 au Conseil des ministres avant le 1eravril 2021.<\/p>\n<p><strong style=\"color: #ff6600;\">AFFAIRES IMMOBILI\u00c8RES<\/strong><\/p>\n<p><strong>Projet d&rsquo;acte d&rsquo;achat du terrain du laboratoire serveur Optilab<\/strong><br \/>\nEn 2019, le minist\u00e8re de la Sant\u00e9 et des Services sociaux (MSSS) autorisait la conception du projet de construction d\u2019un laboratoire serveur pour les trois \u00e9tablissements de la Mont\u00e9r\u00e9gie, sous la gouverne du CISSS de la Mont\u00e9r\u00e9gie-Centre, afin d\u2019offrir des services accessibles, de qualit\u00e9 et int\u00e9gr\u00e9s, dans un syst\u00e8me de sant\u00e9 centr\u00e9 sur l\u2019usager et ses besoins. Le conseil d\u2019administration a autoris\u00e9 l\u2019acquisition d\u2019un terrain situ\u00e9 dans le parc d\u2019affaires G\u00e9rard-Fillion \u00e0 Saint-Bruno-de-Montarville, \u00e0 proximit\u00e9 de l\u2019autoroute 30, permettant de bien servir l\u2019ensemble de la client\u00e8le de la Mont\u00e9r\u00e9gie.<\/p>\n<p><strong style=\"color: #ff6600;\">AFFAIRES COURANTES<\/strong><\/p>\n<p><strong>R\u00e8gles de gouvernance<br \/>\n<\/strong>Les politiques et les r\u00e8glements suivants ont \u00e9t\u00e9 approuv\u00e9s:<\/p>\n<ul>\n<li>r\u00e9vision de la Politique de gestion des politiques et proc\u00e9dures;<\/li>\n<li>r\u00e9vision de la Politique relative \u00e0 la formation continue des membres du conseil d\u2019administration;<\/li>\n<li>r\u00e9vision de la Politique sur la conduite responsable et l&rsquo;int\u00e9grit\u00e9 scientifique en recherche;<\/li>\n<li>r\u00e9vision de la Politique sur les frais exig\u00e9s pour l&rsquo;examen des projets de recherche par le comit\u00e9 d\u2019\u00e9thique de la recherche (C\u00c9R), le comit\u00e9 de la convenance institutionnelle de la recherche (CIR) et le comit\u00e9 scientifique de la recherche (CSR) du CISSS de la Mont\u00e9r\u00e9gie-Centre;<\/li>\n<li>r\u00e9vision de la Politique sur le transfert de l\u2019information aux points de transition des soins et services pour l\u2019usager inscrit ou admis;<\/li>\n<li>R-2016-4 r\u00e9vision du R\u00e8glement sur la r\u00e9gie interne du conseil des infirmi\u00e8res et infirmiers (CII) du CISSS de la Mont\u00e9r\u00e9gie-Centre;<\/li>\n<li>R-2016-3 r\u00e9vision du R\u00e8glement sur la R\u00e9gie interne du conseil des m\u00e9decins, dentistes et pharmaciens (CMDP);<\/li>\n<li>R-2020-20 r\u00e9vision du R\u00e8glement du D\u00e9partement de sant\u00e9 publique et de ses services;<\/li>\n<li>R-2020-21 r\u00e9vision du R\u00e8glement du D\u00e9partement clinique de m\u00e9decine de laboratoire;<\/li>\n<li>R-2020-22 r\u00e9vision du R\u00e8glement du D\u00e9partement d&rsquo;imagerie m\u00e9dicale;<\/li>\n<li>R-2020-23 r\u00e9vision du R\u00e8glement du D\u00e9partement clinique de pharmacie;<\/li>\n<li>R-2020-24 r\u00e9vision du R\u00e8glement du D\u00e9partement d&rsquo;obst\u00e9trique-gyn\u00e9cologie;<\/li>\n<li>R-2020-25 r\u00e9vision du R\u00e8glement du D\u00e9partement de psychiatrie et de ses services;<\/li>\n<li>R-2020-26 r\u00e9vision du R\u00e8glement du D\u00e9partement de m\u00e9decine g\u00e9n\u00e9rale;<\/li>\n<li>R-2020-27 r\u00e9vision du R\u00e8glement du D\u00e9partement d&rsquo;anesth\u00e9siologie;<\/li>\n<li>R-2020-28 r\u00e9vision du R\u00e8glement du D\u00e9partement de m\u00e9decine d&rsquo;urgence;<\/li>\n<li>R-2020-29 r\u00e9vision du R\u00e8glement du D\u00e9partement de p\u00e9diatrie;<\/li>\n<li>R-2021-31 R\u00e8glement du D\u00e9partement de m\u00e9decine sp\u00e9cialis\u00e9e;<\/li>\n<li>R-2021-32 R\u00e8glement du D\u00e9partement de chirurgie.<\/li>\n<\/ul>\n<p><strong>Conseil des m\u00e9decins, dentistes et pharmaciens (CMDP)<\/strong><br \/>\nSur recommandation du comit\u00e9 ex\u00e9cutif du CMDP, le conseil a :<\/p>\n<ul>\n<li>nomm\u00e9 6 m\u00e9decins sp\u00e9cialistes;<\/li>\n<li>modifi\u00e9 les statuts ou privil\u00e8ges de pratique de 2 membres du CMDP;<\/li>\n<li>octroy\u00e9 un privil\u00e8ge d\u2019exercice de la recherche \u00e0 1 membre du CMDP;<\/li>\n<li>pris acte des demandes de cong\u00e9 de service de 2 membres du CMDP et du d\u00e9part de 11membres du CMDP.<\/li>\n<\/ul>\n<p><strong>Nominations<\/strong><\/p>\n<ul>\n<li>Mme Karoll-Ann Carrier a \u00e9t\u00e9 nomm\u00e9e membre du Comit\u00e9 r\u00e9gional pour les programmes d\u2019acc\u00e8s \u00e0 des services de sant\u00e9 et des services sociaux en langue anglaise de la r\u00e9gion de la Mont\u00e9r\u00e9gie.<\/li>\n<li>Mme Isabelle Caron a \u00e9t\u00e9 nomm\u00e9e directrice adjointe \u00e0 l\u2019h\u00e9bergement \u00e0 la Direction du programme de soutien \u00e0 autonomie des personnes \u00e2g\u00e9es.<\/li>\n<\/ul>\n<p><strong>Contrat d\u2019affiliation avec l\u2019Universit\u00e9 de Montr\u00e9al<\/strong><br \/>\nLe conseil d\u2019administration a approuv\u00e9 le contrat d&rsquo;affiliation avec l&rsquo;Universit\u00e9 de Montr\u00e9al qui venait \u00e0 \u00e9ch\u00e9ance et qui est renouvelable tous les cinq ans.<\/p>\n<p><strong>Rapports<\/strong><br \/>\nLes rapports suivants ont \u00e9t\u00e9 pr\u00e9sent\u00e9s au conseil d\u2019administration :<\/p>\n<ul>\n<li>Rapport annuel 2019-2020 du CMDP;<\/li>\n<li>Rapport annuel 2019-2020 du CII du CISSS de la Mont\u00e9r\u00e9gie-Centre.<\/li>\n<\/ul>\n<p>Prochaine s\u00e9ance du conseil<br \/>\nLe 25 mars 2021, \u00e0 17 h.<\/p>\n","protected":false},"excerpt":{"rendered":"<p>Le Flash CA revient sur les points d&rsquo;information et les grands dossiers organisationnels qui sont discut\u00e9s aux s\u00e9ances publiques du conseil d\u2019administration du CISSS de la Mont\u00e9r\u00e9gie-Centre. Consultez aussi la version PDF du Flash CA.<\/p>\n","protected":false},"author":1,"featured_media":0,"comment_status":"open","ping_status":"closed","sticky":false,"template":"","format":"standard","meta":{"footnotes":""},"categories":[49],"tags":[51],"_links":{"self":[{"href":"https:\/\/santemc.quebec\/icentre\/wp-json\/wp\/v2\/posts\/194123"}],"collection":[{"href":"https:\/\/santemc.quebec\/icentre\/wp-json\/wp\/v2\/posts"}],"about":[{"href":"https:\/\/santemc.quebec\/icentre\/wp-json\/wp\/v2\/types\/post"}],"author":[{"embeddable":true,"href":"https:\/\/santemc.quebec\/icentre\/wp-json\/wp\/v2\/users\/1"}],"replies":[{"embeddable":true,"href":"https:\/\/santemc.quebec\/icentre\/wp-json\/wp\/v2\/comments?post=194123"}],"version-history":[{"count":2,"href":"https:\/\/santemc.quebec\/icentre\/wp-json\/wp\/v2\/posts\/194123\/revisions"}],"predecessor-version":[{"id":194126,"href":"https:\/\/santemc.quebec\/icentre\/wp-json\/wp\/v2\/posts\/194123\/revisions\/194126"}],"wp:attachment":[{"href":"https:\/\/santemc.quebec\/icentre\/wp-json\/wp\/v2\/media?parent=194123"}],"wp:term":[{"taxonomy":"category","embeddable":true,"href":"https:\/\/santemc.quebec\/icentre\/wp-json\/wp\/v2\/categories?post=194123"},{"taxonomy":"post_tag","embeddable":true,"href":"https:\/\/santemc.quebec\/icentre\/wp-json\/wp\/v2\/tags?post=194123"}],"curies":[{"name":"wp","href":"https:\/\/api.w.org\/{rel}","templated":true}]}}