{"id":194287,"date":"2021-03-08T16:15:09","date_gmt":"2021-03-08T21:15:09","guid":{"rendered":"http:\/\/santemc.quebec\/icentre\/?p=194287"},"modified":"2021-03-08T16:15:09","modified_gmt":"2021-03-08T21:15:09","slug":"la-directrice-de-sante-publique-de-la-monteregie-honoree-par-la-ville-de-boucherville","status":"publish","type":"post","link":"https:\/\/santemc.quebec\/icentre\/la-directrice-de-sante-publique-de-la-monteregie-honoree-par-la-ville-de-boucherville\/","title":{"rendered":"La directrice de sant\u00e9 publique de la Mont\u00e9r\u00e9gie honor\u00e9e par la Ville de Boucherville"},"content":{"rendered":"<p class=\"x_x_x_MsoNormal\"><a href=\"https:\/\/santemc.quebec\/santemc\/icentre\/wp-content\/uploads\/2021\/03\/JUlie-et-Boucherville.jpg\"><img decoding=\"async\" loading=\"lazy\" class=\"alignleft size-medium wp-image-194288\" src=\"https:\/\/santemc.quebec\/santemc\/icentre\/wp-content\/uploads\/2021\/03\/JUlie-et-Boucherville-214x300.jpg\" alt=\"\" width=\"214\" height=\"300\" srcset=\"https:\/\/santemc.quebec\/santemc\/icentre\/wp-content\/uploads\/2021\/03\/JUlie-et-Boucherville-214x300.jpg 214w, https:\/\/santemc.quebec\/santemc\/icentre\/wp-content\/uploads\/2021\/03\/JUlie-et-Boucherville-731x1024.jpg 731w, https:\/\/santemc.quebec\/santemc\/icentre\/wp-content\/uploads\/2021\/03\/JUlie-et-Boucherville-768x1076.jpg 768w, https:\/\/santemc.quebec\/santemc\/icentre\/wp-content\/uploads\/2021\/03\/JUlie-et-Boucherville.jpg 914w\" sizes=\"(max-width: 214px) 100vw, 214px\" \/><\/a>Dre Julie Loslier a re\u00e7u le Prix Florence Junca-Adenot de la Ville de Boucherville, ce matin.<\/p>\n<p class=\"x_x_x_MsoNormal\">Ce prix est d\u00e9cern\u00e9 chaque ann\u00e9e lors de la Journ\u00e9e internationale du droit des femmes \u00e0 une Bouchervilloise pour souligner ses accomplissements exceptionnels.<\/p>\n<p class=\"x_x_x_MsoNormal\">En acceptant cet honneur, Dre Loslier a rappel\u00e9 le d\u00e9fi collectif pos\u00e9 par la pand\u00e9mie et a fait part de son optimisme pour l&rsquo;avenir gr\u00e2ce \u00e0 la vaccination.\u00a0\u00a0 <!--more--><\/p>\n<p>Au cours de la c\u00e9r\u00e9monie, la Ville de Boucherville a soulign\u00e9 le parcours exemplaire de Dre Loslier qualifi\u00e9e de \u00ab\u00a0femme de t\u00eate, femme d\u2019id\u00e9es, femme de c\u0153ur et leader hors pair \u00bb.<\/p>\n<p>La c\u00e9r\u00e9monie de remise du prix peut \u00eatre visionn\u00e9e en utilisant ce lien\u00a0:\u00a0<a title=\"URL d'origine\u00a0: https:\/\/vimeo.com\/tvrs\/download\/521009413\/65cb8bda04. Cliquez ou appuyez si vous faites confiance \u00e0 ce lien.\" href=\"https:\/\/can01.safelinks.protection.outlook.com\/?url=https%3A%2F%2Fvimeo.com%2Ftvrs%2Fdownload%2F521009413%2F65cb8bda04&amp;data=04%7C01%7Cfrancois.simard.agence16%40ssss.gouv.qc.ca%7C4ed8fda3e84b4226468008d8e275cf32%7C06e1fe285f8b4075bf6cae24be1a7992%7C0%7C0%7C637508342891839817%7CUnknown%7CTWFpbGZsb3d8eyJWIjoiMC4wLjAwMDAiLCJQIjoiV2luMzIiLCJBTiI6Ik1haWwiLCJXVCI6Mn0%3D%7C1000&amp;sdata=zU5dzxlUcnWwlEghLW6hnSifjkHHmzh9LdkumfEPW7A%3D&amp;reserved=0\" target=\"_blank\" rel=\"noopener noreferrer\" data-auth=\"Verified\">https:\/\/vimeo.com\/tvrs\/download\/521009413\/65cb8bda04<\/a><\/p>\n<p>&nbsp;<\/p>\n","protected":false},"excerpt":{"rendered":"<p>Dre Julie Loslier a re\u00e7u le Prix Florence Junca-Adenot de la Ville de Boucherville, ce matin. Ce prix est d\u00e9cern\u00e9 chaque ann\u00e9e lors de la Journ\u00e9e internationale du droit des femmes \u00e0 une Bouchervilloise pour souligner ses accomplissements exceptionnels. En &hellip; <a href=\"https:\/\/santemc.quebec\/icentre\/la-directrice-de-sante-publique-de-la-monteregie-honoree-par-la-ville-de-boucherville\/\">Continuer la lecture <span class=\"meta-nav\">&rarr;<\/span><\/a><\/p>\n","protected":false},"author":1,"featured_media":0,"comment_status":"open","ping_status":"closed","sticky":false,"template":"","format":"standard","meta":{"footnotes":""},"categories":[1],"tags":[],"_links":{"self":[{"href":"https:\/\/santemc.quebec\/icentre\/wp-json\/wp\/v2\/posts\/194287"}],"collection":[{"href":"https:\/\/santemc.quebec\/icentre\/wp-json\/wp\/v2\/posts"}],"about":[{"href":"https:\/\/santemc.quebec\/icentre\/wp-json\/wp\/v2\/types\/post"}],"author":[{"embeddable":true,"href":"https:\/\/santemc.quebec\/icentre\/wp-json\/wp\/v2\/users\/1"}],"replies":[{"embeddable":true,"href":"https:\/\/santemc.quebec\/icentre\/wp-json\/wp\/v2\/comments?post=194287"}],"version-history":[{"count":1,"href":"https:\/\/santemc.quebec\/icentre\/wp-json\/wp\/v2\/posts\/194287\/revisions"}],"predecessor-version":[{"id":194289,"href":"https:\/\/santemc.quebec\/icentre\/wp-json\/wp\/v2\/posts\/194287\/revisions\/194289"}],"wp:attachment":[{"href":"https:\/\/santemc.quebec\/icentre\/wp-json\/wp\/v2\/media?parent=194287"}],"wp:term":[{"taxonomy":"category","embeddable":true,"href":"https:\/\/santemc.quebec\/icentre\/wp-json\/wp\/v2\/categories?post=194287"},{"taxonomy":"post_tag","embeddable":true,"href":"https:\/\/santemc.quebec\/icentre\/wp-json\/wp\/v2\/tags?post=194287"}],"curies":[{"name":"wp","href":"https:\/\/api.w.org\/{rel}","templated":true}]}}