{"id":194290,"date":"2021-03-08T16:21:43","date_gmt":"2021-03-08T21:21:43","guid":{"rendered":"http:\/\/santemc.quebec\/icentre\/?p=194290"},"modified":"2021-03-08T16:28:07","modified_gmt":"2021-03-08T21:28:07","slug":"les-personnes-agees-de-75-ans-et-plus-invitees-a-se-faire-vacciner","status":"publish","type":"post","link":"https:\/\/santemc.quebec\/icentre\/les-personnes-agees-de-75-ans-et-plus-invitees-a-se-faire-vacciner\/","title":{"rendered":"Les personnes \u00e2g\u00e9es de 75 ans et plus invit\u00e9es \u00e0 se faire vacciner"},"content":{"rendered":"<p><em>Communiqu\u00e9 de presse diffus\u00e9 aujourd\u2019hui par la Direction de sant\u00e9 publique de la Mont\u00e9r\u00e9gie.<\/em><\/p>\n<p>La vaccination de la population se poursuit \u00e0 un bon rythme en Mont\u00e9r\u00e9gie. \u00c0 leur tour, les personnes \u00e2g\u00e9es de 75 ans et plus, ainsi que leurs proches aidants \u00e2g\u00e9s de 70 ans et plus, peuvent d\u00e8s maintenant prendre rendez-vous pour se faire vacciner contre la COVID-19. La fa\u00e7on la plus simple, c\u2019est de prendre rendez-vous sur le web \u00e0 l\u2019adresse :\u00a0<a class=\"is-external is-new-window\" href=\"http:\/\/xn--qubec-csa.ca\/vaccinCOVID\" target=\"_blank\" rel=\"noopener noreferrer\">Qu\u00e9bec.ca\/vaccinCOVID<\/a>. Les gens qui n\u2019ont pas acc\u00e8s \u00e0 Internet ou qui \u00e9prouvent des difficult\u00e9s \u00e0 l\u2019utiliser peuvent composer le 1 877 644-4545 pour recevoir du soutien.<!--more--><\/p>\n<p>Rappelons qu\u2019il est inutile de se pr\u00e9senter dans un centre de vaccination si vous n\u2019avez pas de rendez-vous ou si vous ne faites pas partie des client\u00e8les invit\u00e9es \u00e0 se faire vacciner. Le vaccin est offert selon l\u2019ordre de priorit\u00e9 d\u00e9termin\u00e9 par le Comit\u00e9 sur l\u2019immunisation du Qu\u00e9bec afin de prot\u00e9ger en priorit\u00e9 les personnes les plus vuln\u00e9rables \u00e0 la COVID-19. Ultimement, toutes les personnes qui le d\u00e9sirent pourront recevoir le vaccin gratuitement.<\/p>\n<p>&nbsp;<\/p>\n<p><strong>Plus de 68 000 Mont\u00e9r\u00e9giens vaccin\u00e9s<\/strong><\/p>\n<p>\u00ab La campagne de vaccination en Mont\u00e9r\u00e9gie se d\u00e9roule tr\u00e8s bien \u00bb, affirme Dre Julie Loslier, directrice de sant\u00e9 publique de la Mont\u00e9r\u00e9gie. Jusqu\u2019\u00e0 maintenant, 68 000 Mont\u00e9r\u00e9giens ont \u00e9t\u00e9 vaccin\u00e9s. La vaccination des r\u00e9sidents en r\u00e9sidences priv\u00e9es pour a\u00een\u00e9s (RPA) est maintenant termin\u00e9e. Elle se poursuit actuellement aupr\u00e8s des travailleurs de la sant\u00e9 prioritaires. La vaccination de la population \u00e2g\u00e9e de 80 ans et plus a d\u00e9but\u00e9 et se poursuivra au cours des prochaines semaines.<\/p>\n<p>Pour plus d\u2019information sur la COVID en Mont\u00e9r\u00e9gie, nous vous invitons \u00e0 consulter le portail\u00a0<a class=\"is-new-window\" href=\"https:\/\/www.santemonteregie.qc.ca\/conseils-sante\/coronavirus-covid-19\" target=\"_blank\" rel=\"noopener noreferrer\">https:\/\/www.santemonteregie.qc.ca\/conseils-sante\/coronavirus-covid-19<\/a>. La sant\u00e9 publique publie chaque semaine des informations ainsi que des donn\u00e9es sur la pand\u00e9mie sur sa page Facebook que vous pouvez consulter \u00e0 l\u2019adresse suivante :\u00a0<a class=\"is-external is-new-window\" href=\"https:\/\/www.facebook.com\/DSPMonteregie\/\" target=\"_blank\" rel=\"noopener noreferrer\">https:\/\/www.facebook.com\/DSPMonteregie\/<\/a><\/p>\n<p>&nbsp;<\/p>\n","protected":false},"excerpt":{"rendered":"<p>Communiqu\u00e9 de presse diffus\u00e9 aujourd\u2019hui par la Direction de sant\u00e9 publique de la Mont\u00e9r\u00e9gie. La vaccination de la population se poursuit \u00e0 un bon rythme en Mont\u00e9r\u00e9gie. \u00c0 leur tour, les personnes \u00e2g\u00e9es de 75 ans et plus, ainsi que &hellip; <a href=\"https:\/\/santemc.quebec\/icentre\/les-personnes-agees-de-75-ans-et-plus-invitees-a-se-faire-vacciner\/\">Continuer la lecture <span class=\"meta-nav\">&rarr;<\/span><\/a><\/p>\n","protected":false},"author":1,"featured_media":0,"comment_status":"open","ping_status":"closed","sticky":false,"template":"","format":"standard","meta":{"footnotes":""},"categories":[1],"tags":[],"_links":{"self":[{"href":"https:\/\/santemc.quebec\/icentre\/wp-json\/wp\/v2\/posts\/194290"}],"collection":[{"href":"https:\/\/santemc.quebec\/icentre\/wp-json\/wp\/v2\/posts"}],"about":[{"href":"https:\/\/santemc.quebec\/icentre\/wp-json\/wp\/v2\/types\/post"}],"author":[{"embeddable":true,"href":"https:\/\/santemc.quebec\/icentre\/wp-json\/wp\/v2\/users\/1"}],"replies":[{"embeddable":true,"href":"https:\/\/santemc.quebec\/icentre\/wp-json\/wp\/v2\/comments?post=194290"}],"version-history":[{"count":2,"href":"https:\/\/santemc.quebec\/icentre\/wp-json\/wp\/v2\/posts\/194290\/revisions"}],"predecessor-version":[{"id":194292,"href":"https:\/\/santemc.quebec\/icentre\/wp-json\/wp\/v2\/posts\/194290\/revisions\/194292"}],"wp:attachment":[{"href":"https:\/\/santemc.quebec\/icentre\/wp-json\/wp\/v2\/media?parent=194290"}],"wp:term":[{"taxonomy":"category","embeddable":true,"href":"https:\/\/santemc.quebec\/icentre\/wp-json\/wp\/v2\/categories?post=194290"},{"taxonomy":"post_tag","embeddable":true,"href":"https:\/\/santemc.quebec\/icentre\/wp-json\/wp\/v2\/tags?post=194290"}],"curies":[{"name":"wp","href":"https:\/\/api.w.org\/{rel}","templated":true}]}}