{"id":194321,"date":"2021-03-10T12:00:39","date_gmt":"2021-03-10T17:00:39","guid":{"rendered":"http:\/\/santemc.quebec\/icentre\/?p=194321"},"modified":"2021-03-10T12:00:39","modified_gmt":"2021-03-10T17:00:39","slug":"collaboration-de-linlb-un-centre-aquatique-remporte-un-prix-pour-son-accessibilite","status":"publish","type":"post","link":"https:\/\/santemc.quebec\/icentre\/collaboration-de-linlb-un-centre-aquatique-remporte-un-prix-pour-son-accessibilite\/","title":{"rendered":"Collaboration de l\u2019INLB : un centre aquatique remporte un prix pour son accessibilit\u00e9"},"content":{"rendered":"<p><a href=\"https:\/\/santemc.quebec\/santemc\/icentre\/wp-content\/uploads\/2021\/03\/Prix_OPHQ.jpg\"><img decoding=\"async\" loading=\"lazy\" class=\"size-medium wp-image-194322 alignleft\" src=\"https:\/\/santemc.quebec\/santemc\/icentre\/wp-content\/uploads\/2021\/03\/Prix_OPHQ-300x203.jpg\" alt=\"\" width=\"300\" height=\"203\" srcset=\"https:\/\/santemc.quebec\/santemc\/icentre\/wp-content\/uploads\/2021\/03\/Prix_OPHQ-300x203.jpg 300w, https:\/\/santemc.quebec\/santemc\/icentre\/wp-content\/uploads\/2021\/03\/Prix_OPHQ.jpg 351w\" sizes=\"(max-width: 300px) 100vw, 300px\" \/><\/a>Dans le cadre d\u2019une c\u00e9r\u00e9monie virtuelle qui avait lieu le 23 f\u00e9vrier, l\u2019Office des personnes handicap\u00e9es du Qu\u00e9bec d\u00e9cernait un prix <em>\u00c0 part enti\u00e8re<\/em> dans la cat\u00e9gorie \u00ab Municipalit\u00e9s, MRC et autres communaut\u00e9s \u00bb \u00e0 la Ville de Beloeil pour son projet de centre aquatique accessible, r\u00e9alis\u00e9 avec la collaboration avec l\u2019Institut Nazareth et Louis-Braille (INLB). Remis pour une septi\u00e8me ann\u00e9e, les prix visent \u00e0 rendre hommage aux organismes et individus qui s\u2019engagent dans leur milieu afin de faire du Qu\u00e9bec une soci\u00e9t\u00e9 plus inclusive, en esp\u00e9rant que leur exemple sera une source d\u2019inspiration pour chacun de nous.<\/p>\n<p><!--more--><\/p>\n<p>Inaugur\u00e9 en 2019, le tout premier centre aquatique accessible de Beloeil a \u00e9t\u00e9 pens\u00e9 de fa\u00e7on \u00e0 ce que toute la population puisse profiter des m\u00eames activit\u00e9s. \u00c0 titre d\u2019exemple, le centre poss\u00e8de un vestiaire unique qui a \u00e9t\u00e9 mis en place selon l\u2019approche ADS, soit l\u2019analyse diff\u00e9renci\u00e9e selon le sexe. Cette approche tient compte des diff\u00e9rences de chacun (biologiques, \u00e9conomiques, sociales, culturelles, physiques, etc.). Les personnes handicap\u00e9es n\u2019ont donc pas \u00e0 emprunter des parcours diff\u00e9rents pour jouir des installations et n\u2019ont pas \u00e0 demander de l\u2019aide pour pouvoir profiter des am\u00e9nagements.<\/p>\n<p>Dans le cadre du projet, plusieurs collaborateurs, dont l\u2019INLB, ont \u00e9t\u00e9 consult\u00e9s par la Ville d\u00e8s l\u2019\u00e9tape de l\u2019id\u00e9ation. Gilles Corbeil, organisateur communautaire, Carole Zabihaylo (maintenant retrait\u00e9e) et Andr\u00e9anne Mailhot, toutes deux sp\u00e9cialistes en orientation et mobilit\u00e9, ont agi \u00e0 titre d\u2019experts pour s\u2019assurer que soient int\u00e9gr\u00e9es toutes les notions d\u2019accessibilit\u00e9, incluant les particularit\u00e9s de la d\u00e9ficience visuelle. Ils ont \u00e9galement particip\u00e9 aux \u00e9tapes finales de validations et aux ajustements requis.<\/p>\n<p>Aujourd\u2019hui, l\u2019approche en concertation du Centre aquatique de Beloeil fait \u00e9cole aupr\u00e8s de plusieurs municipalit\u00e9s d\u00e9sireuses de s\u2019en inspirer. Cette d\u00e9marche est un exemple \u00e9vocateur de l\u2019accompagnement que procure l\u2019INLB \u00e0 tout un ensemble de partenaires du r\u00e9seau afin de rendre les communaut\u00e9s plus accessibles.<\/p>\n<p>Pour visionner la vid\u00e9o de pr\u00e9sentation du projet, consultez la page <a href=\"http:\/\/www.ophq.gouv.qc.ca\/evenements\/prix-a-part-entiere\/edition-2020\/laureates-et-laureats.html#c32311\" target=\"_blank\" rel=\"noopener noreferrer\">www.ophq.gouv.qc.ca\/evenements\/prix-a-part-entiere\/edition-2020\/laureates-et-laureats.html#c32311<\/a><\/p>\n","protected":false},"excerpt":{"rendered":"<p>Dans le cadre d\u2019une c\u00e9r\u00e9monie virtuelle qui avait lieu le 23 f\u00e9vrier, l\u2019Office des personnes handicap\u00e9es du Qu\u00e9bec d\u00e9cernait un prix \u00c0 part enti\u00e8re dans la cat\u00e9gorie \u00ab Municipalit\u00e9s, MRC et autres communaut\u00e9s \u00bb \u00e0 la Ville de Beloeil pour &hellip; <a href=\"https:\/\/santemc.quebec\/icentre\/collaboration-de-linlb-un-centre-aquatique-remporte-un-prix-pour-son-accessibilite\/\">Continuer la lecture <span class=\"meta-nav\">&rarr;<\/span><\/a><\/p>\n","protected":false},"author":9,"featured_media":0,"comment_status":"open","ping_status":"closed","sticky":false,"template":"","format":"standard","meta":{"footnotes":""},"categories":[1],"tags":[],"_links":{"self":[{"href":"https:\/\/santemc.quebec\/icentre\/wp-json\/wp\/v2\/posts\/194321"}],"collection":[{"href":"https:\/\/santemc.quebec\/icentre\/wp-json\/wp\/v2\/posts"}],"about":[{"href":"https:\/\/santemc.quebec\/icentre\/wp-json\/wp\/v2\/types\/post"}],"author":[{"embeddable":true,"href":"https:\/\/santemc.quebec\/icentre\/wp-json\/wp\/v2\/users\/9"}],"replies":[{"embeddable":true,"href":"https:\/\/santemc.quebec\/icentre\/wp-json\/wp\/v2\/comments?post=194321"}],"version-history":[{"count":1,"href":"https:\/\/santemc.quebec\/icentre\/wp-json\/wp\/v2\/posts\/194321\/revisions"}],"predecessor-version":[{"id":194323,"href":"https:\/\/santemc.quebec\/icentre\/wp-json\/wp\/v2\/posts\/194321\/revisions\/194323"}],"wp:attachment":[{"href":"https:\/\/santemc.quebec\/icentre\/wp-json\/wp\/v2\/media?parent=194321"}],"wp:term":[{"taxonomy":"category","embeddable":true,"href":"https:\/\/santemc.quebec\/icentre\/wp-json\/wp\/v2\/categories?post=194321"},{"taxonomy":"post_tag","embeddable":true,"href":"https:\/\/santemc.quebec\/icentre\/wp-json\/wp\/v2\/tags?post=194321"}],"curies":[{"name":"wp","href":"https:\/\/api.w.org\/{rel}","templated":true}]}}