{"id":194324,"date":"2021-03-10T13:11:59","date_gmt":"2021-03-10T18:11:59","guid":{"rendered":"http:\/\/santemc.quebec\/icentre\/?p=194324"},"modified":"2021-03-10T13:45:19","modified_gmt":"2021-03-10T18:45:19","slug":"le-centre-saint-lambert-un-lieu-de-soins-transforme-en-temps-de-pandemie","status":"publish","type":"post","link":"https:\/\/santemc.quebec\/icentre\/le-centre-saint-lambert-un-lieu-de-soins-transforme-en-temps-de-pandemie\/","title":{"rendered":"Le Centre Saint-Lambert : un lieu de soins transform\u00e9 en temps de pand\u00e9mie"},"content":{"rendered":"<div id=\"attachment_194325\" style=\"width: 310px\" class=\"wp-caption alignleft\"><a href=\"https:\/\/santemc.quebec\/santemc\/icentre\/wp-content\/uploads\/2021\/03\/equipe_CentreStLambert.jpg\"><img aria-describedby=\"caption-attachment-194325\" decoding=\"async\" loading=\"lazy\" class=\"size-medium wp-image-194325\" src=\"https:\/\/santemc.quebec\/santemc\/icentre\/wp-content\/uploads\/2021\/03\/equipe_CentreStLambert-300x225.jpg\" alt=\"\" width=\"300\" height=\"225\" srcset=\"https:\/\/santemc.quebec\/santemc\/icentre\/wp-content\/uploads\/2021\/03\/equipe_CentreStLambert-300x225.jpg 300w, https:\/\/santemc.quebec\/santemc\/icentre\/wp-content\/uploads\/2021\/03\/equipe_CentreStLambert-1024x768.jpg 1024w, https:\/\/santemc.quebec\/santemc\/icentre\/wp-content\/uploads\/2021\/03\/equipe_CentreStLambert-768x576.jpg 768w, https:\/\/santemc.quebec\/santemc\/icentre\/wp-content\/uploads\/2021\/03\/equipe_CentreStLambert-400x300.jpg 400w, https:\/\/santemc.quebec\/santemc\/icentre\/wp-content\/uploads\/2021\/03\/equipe_CentreStLambert.jpg 1320w\" sizes=\"(max-width: 300px) 100vw, 300px\" \/><\/a><p id=\"caption-attachment-194325\" class=\"wp-caption-text\">Des membres de l\u2019\u00e9quipe du Centre Saint-Lambert :<br \/>1re rang\u00e9e, de gauche \u00e0 droite : Carole Lauzon, Camille Morneau<br \/>2e rang\u00e9e, de gauche \u00e0 droite : C\u00e9line Brisebois, Lucie Lamarre, Nadia Simehand, Jaimz Rousselle, Doniazed Marir<br \/>Veuillez noter que les employ\u00e9s portant un N95 travaillent dans la zone rouge.<\/p><\/div>\n<p>Depuis pr\u00e8s d\u2019un an, les \u00e9quipes du Centre Saint-Lambert accueillent des patients atteints de la COVID-19 provenant de diff\u00e9rents milieux de vie tels que les CHSLD, les r\u00e9sidences pour personnes \u00e2g\u00e9es (RPA), les r\u00e9sidences interm\u00e9diaires ou de type familial (RI-RTF) ainsi que des usagers provenant des h\u00f4pitaux ou de leur domicile. Cette r\u00e9organisation, orchestr\u00e9e par la Direction du programme de soutien \u00e0 l\u2019autonomie des personnes \u00e2g\u00e9es, contribue \u00e0 diminuer le risque de propagation du virus qui peut survenir dans les milieux o\u00f9 des r\u00e9sidents ou des patients vuln\u00e9rables sont d\u00e9clar\u00e9s positifs \u00e0 la COVID-19. Cela permet \u00e9galement une gestion efficiente des lits dans nos milieux hospitaliers, lorsque la situation \u00e9pid\u00e9miologique le requiert.<\/p>\n<p><!--more--><\/p>\n<p>L\u2019expertise de plusieurs directions est mise \u00e0 profit pour assurer le bon fonctionnement du 2<sup>e<\/sup> \u00e9tage du Centre Saint-Lambert qui a \u00e9t\u00e9 transform\u00e9 en une unit\u00e9 COVID (zone rouge) ayant une capacit\u00e9 maximale de 45 lits en p\u00e9riode de pointe. Dans un contexte o\u00f9 les d\u00e9fis sont nombreux et \u00e9voluent rapidement, la concertation et le travail d\u2019\u00e9quipe jouent un r\u00f4le cl\u00e9. La mise \u00e0 jour des soins et services en fonction de la nouvelle vocation, le r\u00e9am\u00e9nagement des lieux selon les normes de pr\u00e9vention et contr\u00f4le des infections pour la COVID, les d\u00e9fis de main-d\u2019\u0153uvre et l\u2019accueil et le transfert de nombreux patients ne sont que quelques exemples des d\u00e9fis que rel\u00e8vent au quotidien les \u00e9quipes du Centre et leurs collaborateurs.<\/p>\n<p><!--more--><\/p>\n<p>Pour assurer le transfert de la client\u00e8le vis\u00e9e dans les meilleures conditions possibles et soutenir les diff\u00e9rents milieux de vie, un travail d\u2019\u00e9quipe d\u2019envergure est accompli par le personnel du Centre Saint-Lambert, les \u00e9quipes de soutien \u00e0 domicile (SAD), RI-RTF et CHSLD. \u00a0En effet, la remarquable mobilisation du personnel de l\u2019unit\u00e9 COVID doit \u00eatre soulign\u00e9e, autant dans sa capacit\u00e9 d\u2019adaptation que dans la qualit\u00e9 des soins offerts, entre autres dans un contexte d\u2019accompagnement de fin de vie.<\/p>\n<p>Un immense merci \u00e0 tous les employ\u00e9s du Centre, quelle que soit leur fonction, pour leur apport dans cette r\u00e9organisation. Profitons de l\u2019occasion pour remercier \u00e9galement les m\u00e9decins de famille de divers secteurs de nos installations, les infirmi\u00e8res praticiennes sp\u00e9cialis\u00e9es (IPS-PL) du territoire ainsi que les m\u00e9decins r\u00e9sidents du GMF-U Charles-Le Moyne qui sont venus pr\u00eater main-forte \u00e0 l&rsquo;\u00e9quipe soignante du Centre Saint-Lambert depuis pr\u00e8s d\u2019un an.<\/p>\n<p><strong>Quelques faits saillants sur l\u2019unit\u00e9 COVID\u00a0du Centre Saint-Lambert :<\/strong><\/p>\n<ul>\n<li>Plus de 500 patients y ont \u00e9t\u00e9 accueillis, 7 jours sur 7, de jour ou de soir, depuis son ouverture en avril dernier.<\/li>\n<li>Environ 80 % des admissions proviennent directement des RPA, RI, CHSLD et des domiciles; le reste des admissions provient des urgences (10 %) et des milieux hospitaliers (10 %).<\/li>\n<li>Le Centre Saint-Lambert est \u00e9galement d\u00e9sign\u00e9 milieu de r\u00e9adaptation en sant\u00e9 physique pour la client\u00e8le COVID de la Mont\u00e9r\u00e9gie et re\u00e7oit cette client\u00e8le des \u00e9tablissements de la Mont\u00e9r\u00e9gie, incluant celle de nos deux centres hospitaliers.<\/li>\n<\/ul>\n","protected":false},"excerpt":{"rendered":"<p>Depuis pr\u00e8s d\u2019un an, les \u00e9quipes du Centre Saint-Lambert accueillent des patients atteints de la COVID-19 provenant de diff\u00e9rents milieux de vie tels que les CHSLD, les r\u00e9sidences pour personnes \u00e2g\u00e9es (RPA), les r\u00e9sidences interm\u00e9diaires ou de type familial (RI-RTF) &hellip; <a href=\"https:\/\/santemc.quebec\/icentre\/le-centre-saint-lambert-un-lieu-de-soins-transforme-en-temps-de-pandemie\/\">Continuer la lecture <span class=\"meta-nav\">&rarr;<\/span><\/a><\/p>\n","protected":false},"author":9,"featured_media":0,"comment_status":"open","ping_status":"closed","sticky":false,"template":"","format":"standard","meta":{"footnotes":""},"categories":[1],"tags":[],"_links":{"self":[{"href":"https:\/\/santemc.quebec\/icentre\/wp-json\/wp\/v2\/posts\/194324"}],"collection":[{"href":"https:\/\/santemc.quebec\/icentre\/wp-json\/wp\/v2\/posts"}],"about":[{"href":"https:\/\/santemc.quebec\/icentre\/wp-json\/wp\/v2\/types\/post"}],"author":[{"embeddable":true,"href":"https:\/\/santemc.quebec\/icentre\/wp-json\/wp\/v2\/users\/9"}],"replies":[{"embeddable":true,"href":"https:\/\/santemc.quebec\/icentre\/wp-json\/wp\/v2\/comments?post=194324"}],"version-history":[{"count":4,"href":"https:\/\/santemc.quebec\/icentre\/wp-json\/wp\/v2\/posts\/194324\/revisions"}],"predecessor-version":[{"id":194329,"href":"https:\/\/santemc.quebec\/icentre\/wp-json\/wp\/v2\/posts\/194324\/revisions\/194329"}],"wp:attachment":[{"href":"https:\/\/santemc.quebec\/icentre\/wp-json\/wp\/v2\/media?parent=194324"}],"wp:term":[{"taxonomy":"category","embeddable":true,"href":"https:\/\/santemc.quebec\/icentre\/wp-json\/wp\/v2\/categories?post=194324"},{"taxonomy":"post_tag","embeddable":true,"href":"https:\/\/santemc.quebec\/icentre\/wp-json\/wp\/v2\/tags?post=194324"}],"curies":[{"name":"wp","href":"https:\/\/api.w.org\/{rel}","templated":true}]}}