{"id":194343,"date":"2021-03-10T15:37:31","date_gmt":"2021-03-10T20:37:31","guid":{"rendered":"http:\/\/santemc.quebec\/icentre\/?p=194343"},"modified":"2021-03-10T15:37:31","modified_gmt":"2021-03-10T20:37:31","slug":"au-tour-des-70-ans-et-plus-de-se-faire-vacciner","status":"publish","type":"post","link":"https:\/\/santemc.quebec\/icentre\/au-tour-des-70-ans-et-plus-de-se-faire-vacciner\/","title":{"rendered":"Au tour des 70 ans et plus de se faire vacciner"},"content":{"rendered":"<p><em>Communiqu\u00e9 de presse diffus\u00e9 aujourd\u2019hui par la Direction de sant\u00e9 publique de la Mont\u00e9r\u00e9gie.<\/em><\/p>\n<p>Longueuil, le 10 mars 2021 \u2013 Le processus de vaccination de la population s\u2019acc\u00e9l\u00e8re en Mont\u00e9r\u00e9gie. Les personnes \u00e2g\u00e9es de 70 ans et plus peuvent d\u00e8s maintenant prendre rendez-vous pour se faire vacciner contre la COVID-19.<!--more--><\/p>\n<p>La fa\u00e7on la plus simple, c\u2019est de prendre rendez-vous sur le web \u00e0 l\u2019adresse :\u00a0<a class=\"is-external is-new-window\" href=\"https:\/\/xn--qubec-csa.ca\/vaccinCOVID\" target=\"_blank\" rel=\"noopener noreferrer\">Qu\u00e9bec.ca\/vaccinCOVID<\/a>. Les gens qui n\u2019ont pas acc\u00e8s \u00e0 Internet ou qui \u00e9prouvent des difficult\u00e9s \u00e0 l\u2019utiliser peuvent composer le 1 877 644-4545 pour recevoir du soutien.<\/p>\n<p>Rappelons qu\u2019il est inutile de se pr\u00e9senter dans un centre de vaccination si vous n\u2019avez pas de rendez-vous ou si vous ne faites pas partie des client\u00e8les invit\u00e9es \u00e0 se faire vacciner. Le vaccin est offert selon l\u2019ordre de priorit\u00e9 d\u00e9termin\u00e9 par le Comit\u00e9 sur l\u2019immunisation du Qu\u00e9bec afin de prot\u00e9ger en priorit\u00e9 les personnes les plus vuln\u00e9rables \u00e0 la COVID-19. Ultimement, toutes les personnes qui le d\u00e9sirent pourront recevoir le vaccin gratuitement.<\/p>\n<p>&nbsp;<\/p>\n<p><strong>Plus de 74 700 Mont\u00e9r\u00e9giens vaccin\u00e9s<\/strong><\/p>\n<p>Jusqu\u2019\u00e0 maintenant, 74 786 doses ont \u00e9t\u00e9 administr\u00e9es \u00e0 la population de la Mont\u00e9r\u00e9gie. \u00ab J\u2019encourage fortement toutes les client\u00e8les cibles \u00e0 se faire vacciner \u00bb, affirme Dre Julie Loslier, directrice de sant\u00e9 publique de la Mont\u00e9r\u00e9gie. \u00ab La vaccination est l\u2019outil ultime qui nous permettra de retrouver comme on le souhaite tous une vie normale, insiste-t-elle, tout en rappelant qu\u2019une fois le vaccin re\u00e7u, il est essentiel de continuer \u00e0 respecter les mesures sanitaires comme le port du masque, la distanciation sociale et l\u2019hygi\u00e8ne des mains. \u00bb<\/p>\n<p>Pour plus d\u2019information sur la COVID en Mont\u00e9r\u00e9gie, nous vous invitons \u00e0 consulter le portail\u00a0<a class=\"is-new-window\" href=\"https:\/\/www.santemonteregie.qc.ca\/conseils-sante\/coronavirus-covid-19\" target=\"_blank\" rel=\"noopener noreferrer\">https:\/\/www.santemonteregie.qc.ca\/conseils-sante\/coronavirus-covid-19<\/a>. La sant\u00e9 publique publie chaque semaine des informations ainsi que des donn\u00e9es sur la pand\u00e9mie sur sa page Facebook que vous pouvez consulter \u00e0 l\u2019adresse suivante :\u00a0<a class=\"is-external is-new-window\" href=\"https:\/\/www.facebook.com\/DSPMonteregie\/\" target=\"_blank\" rel=\"noopener noreferrer\">https:\/\/www.facebook.com\/DSPMonteregie\/<\/a><\/p>\n","protected":false},"excerpt":{"rendered":"<p>Communiqu\u00e9 de presse diffus\u00e9 aujourd\u2019hui par la Direction de sant\u00e9 publique de la Mont\u00e9r\u00e9gie. Longueuil, le 10 mars 2021 \u2013 Le processus de vaccination de la population s\u2019acc\u00e9l\u00e8re en Mont\u00e9r\u00e9gie. Les personnes \u00e2g\u00e9es de 70 ans et plus peuvent d\u00e8s &hellip; <a href=\"https:\/\/santemc.quebec\/icentre\/au-tour-des-70-ans-et-plus-de-se-faire-vacciner\/\">Continuer la lecture <span class=\"meta-nav\">&rarr;<\/span><\/a><\/p>\n","protected":false},"author":1,"featured_media":0,"comment_status":"open","ping_status":"closed","sticky":false,"template":"","format":"standard","meta":{"footnotes":""},"categories":[1],"tags":[],"_links":{"self":[{"href":"https:\/\/santemc.quebec\/icentre\/wp-json\/wp\/v2\/posts\/194343"}],"collection":[{"href":"https:\/\/santemc.quebec\/icentre\/wp-json\/wp\/v2\/posts"}],"about":[{"href":"https:\/\/santemc.quebec\/icentre\/wp-json\/wp\/v2\/types\/post"}],"author":[{"embeddable":true,"href":"https:\/\/santemc.quebec\/icentre\/wp-json\/wp\/v2\/users\/1"}],"replies":[{"embeddable":true,"href":"https:\/\/santemc.quebec\/icentre\/wp-json\/wp\/v2\/comments?post=194343"}],"version-history":[{"count":1,"href":"https:\/\/santemc.quebec\/icentre\/wp-json\/wp\/v2\/posts\/194343\/revisions"}],"predecessor-version":[{"id":194344,"href":"https:\/\/santemc.quebec\/icentre\/wp-json\/wp\/v2\/posts\/194343\/revisions\/194344"}],"wp:attachment":[{"href":"https:\/\/santemc.quebec\/icentre\/wp-json\/wp\/v2\/media?parent=194343"}],"wp:term":[{"taxonomy":"category","embeddable":true,"href":"https:\/\/santemc.quebec\/icentre\/wp-json\/wp\/v2\/categories?post=194343"},{"taxonomy":"post_tag","embeddable":true,"href":"https:\/\/santemc.quebec\/icentre\/wp-json\/wp\/v2\/tags?post=194343"}],"curies":[{"name":"wp","href":"https:\/\/api.w.org\/{rel}","templated":true}]}}