{"id":194360,"date":"2021-03-11T08:49:53","date_gmt":"2021-03-11T13:49:53","guid":{"rendered":"http:\/\/santemc.quebec\/icentre\/?p=194360"},"modified":"2021-03-15T11:39:25","modified_gmt":"2021-03-15T15:39:25","slug":"conference-grand-angle-sur-la-readaptation-en-deficience-visuelle","status":"publish","type":"post","link":"https:\/\/santemc.quebec\/icentre\/conference-grand-angle-sur-la-readaptation-en-deficience-visuelle\/","title":{"rendered":"Conf\u00e9rence \u00ab Grand angle sur la r\u00e9adaptation en d\u00e9ficience visuelle \u00bb"},"content":{"rendered":"<p>Le Service de la recherche et de l\u2019innovation de l\u2019INLB vous pr\u00e9sente la <a href=\"https:\/\/can01.safelinks.protection.outlook.com\/?url=https%3A%2F%2Fextranet.inlb.qc.ca%2Frecherche-et-innovation%2Fconferences-midi%2F&amp;data=04%7C01%7Cjulie.couture.cisssmc16%40ssss.gouv.qc.ca%7C7d2b81751a50489af22908d8bd709564%7C06e1fe285f8b4075bf6cae24be1a7992%7C0%7C0%7C637467638517997378%7CUnknown%7CTWFpbGZsb3d8eyJWIjoiMC4wLjAwMDAiLCJQIjoiV2luMzIiLCJBTiI6Ik1haWwiLCJXVCI6Mn0%3D%7C1000&amp;sdata=lx8Fsc7GrRFNmDSDD1qAYGlr2un%2FkVW1XxcyB5cfpik%3D&amp;reserved=0\" target=\"_blank\" rel=\"noopener noreferrer\">s\u00e9rie de conf\u00e9rences\u00a0Grand angle sur la r\u00e9adaptation en d\u00e9ficience visuelle<\/a>.<\/p>\n<p><!--more--><\/p>\n<p>Diffus\u00e9es via Zoom \u00e0 l\u2019heure du d\u00eener, ces conf\u00e9rences ont pour objectif de<strong> permettre aux cliniciennes et cliniciens en r\u00e9adaptation de b\u00e9n\u00e9ficier d\u2019un partage de connaissances par des experts<\/strong>\u00a0(chercheurs ou cliniciens) exer\u00e7ant dans diff\u00e9rents milieux.<\/p>\n<p>Le nombre de places est limit\u00e9. Inscrivez-vous d\u00e8s maintenant.<\/p>\n<p>17 mars 2021 \u2013 12 h 10 \u00e0 13 h \u2013\u00a0<strong><em>Projet innovant Prendre conscience de ma vision\u00a0: une \u00e9tape cl\u00e9 pour me d\u00e9placer en milieu achaland\u00e9<\/em><\/strong>\u00a0\/ Mathieu Carignan, ergoth\u00e9rapeute, Julie Landry et Marie-Claude Poulin-Parent, sp\u00e9cialistes en orientation et mobilit\u00e9, INLB du CISSS de la Mont\u00e9r\u00e9gie-Centre\u00a0 \u2013\u00a0<a href=\"https:\/\/can01.safelinks.protection.outlook.com\/?url=https%3A%2F%2Ffr.surveymonkey.com%2Fr%2FCarignan_Landry_Poulin-Parent&amp;data=04%7C01%7Cjulie.couture.cisssmc16%40ssss.gouv.qc.ca%7C7d2b81751a50489af22908d8bd709564%7C06e1fe285f8b4075bf6cae24be1a7992%7C0%7C0%7C637467638518007376%7CUnknown%7CTWFpbGZsb3d8eyJWIjoiMC4wLjAwMDAiLCJQIjoiV2luMzIiLCJBTiI6Ik1haWwiLCJXVCI6Mn0%3D%7C1000&amp;sdata=0GeWZ5IJbjXCPrUjlEQejHKIRc%2F1sKlAxGXRlhboRvk%3D&amp;reserved=0\" target=\"_blank\" rel=\"noopener noreferrer\">Pour vous inscrire, cliquez ici<\/a>.<\/p>\n","protected":false},"excerpt":{"rendered":"<p>Le Service de la recherche et de l\u2019innovation de l\u2019INLB vous pr\u00e9sente la s\u00e9rie de conf\u00e9rences\u00a0Grand angle sur la r\u00e9adaptation en d\u00e9ficience visuelle.<\/p>\n","protected":false},"author":9,"featured_media":0,"comment_status":"open","ping_status":"closed","sticky":false,"template":"","format":"standard","meta":{"footnotes":""},"categories":[1],"tags":[],"_links":{"self":[{"href":"https:\/\/santemc.quebec\/icentre\/wp-json\/wp\/v2\/posts\/194360"}],"collection":[{"href":"https:\/\/santemc.quebec\/icentre\/wp-json\/wp\/v2\/posts"}],"about":[{"href":"https:\/\/santemc.quebec\/icentre\/wp-json\/wp\/v2\/types\/post"}],"author":[{"embeddable":true,"href":"https:\/\/santemc.quebec\/icentre\/wp-json\/wp\/v2\/users\/9"}],"replies":[{"embeddable":true,"href":"https:\/\/santemc.quebec\/icentre\/wp-json\/wp\/v2\/comments?post=194360"}],"version-history":[{"count":2,"href":"https:\/\/santemc.quebec\/icentre\/wp-json\/wp\/v2\/posts\/194360\/revisions"}],"predecessor-version":[{"id":194478,"href":"https:\/\/santemc.quebec\/icentre\/wp-json\/wp\/v2\/posts\/194360\/revisions\/194478"}],"wp:attachment":[{"href":"https:\/\/santemc.quebec\/icentre\/wp-json\/wp\/v2\/media?parent=194360"}],"wp:term":[{"taxonomy":"category","embeddable":true,"href":"https:\/\/santemc.quebec\/icentre\/wp-json\/wp\/v2\/categories?post=194360"},{"taxonomy":"post_tag","embeddable":true,"href":"https:\/\/santemc.quebec\/icentre\/wp-json\/wp\/v2\/tags?post=194360"}],"curies":[{"name":"wp","href":"https:\/\/api.w.org\/{rel}","templated":true}]}}