{"id":194376,"date":"2021-03-11T14:12:08","date_gmt":"2021-03-11T19:12:08","guid":{"rendered":"http:\/\/santemc.quebec\/icentre\/?p=194376"},"modified":"2021-03-11T14:18:48","modified_gmt":"2021-03-11T19:18:48","slug":"bulletin-periscope-pres-dun-monteregien-sur-six-est-fortement-derange-par-le-bruit-copy-copy-copy-copy-copy-copy-copy-copy-copy-copy-copy-copy-copy-copy-copy-copy-copy-copy-copy-copy-copy-copy-copy-2","status":"publish","type":"post","link":"https:\/\/santemc.quebec\/icentre\/bulletin-periscope-pres-dun-monteregien-sur-six-est-fortement-derange-par-le-bruit-copy-copy-copy-copy-copy-copy-copy-copy-copy-copy-copy-copy-copy-copy-copy-copy-copy-copy-copy-copy-copy-copy-copy-2\/","title":{"rendered":"Bulletin P\u00e9riscope &#8211; COVID-19 et sant\u00e9 mentale : une pand\u00e9mie qui p\u00e8se lourd sur le moral"},"content":{"rendered":"<p><img decoding=\"async\" loading=\"lazy\" class=\"aligncenter wp-image-2877 size-full\" src=\"http:\/\/santemc.quebec\/santemc\/icentre\/wp-content\/uploads\/2016\/09\/periscope.png\" alt=\"periscope\" width=\"789\" height=\"163\" srcset=\"https:\/\/santemc.quebec\/santemc\/icentre\/wp-content\/uploads\/2016\/09\/periscope.png 789w, https:\/\/santemc.quebec\/santemc\/icentre\/wp-content\/uploads\/2016\/09\/periscope-300x62.png 300w, https:\/\/santemc.quebec\/santemc\/icentre\/wp-content\/uploads\/2016\/09\/periscope-768x159.png 768w, https:\/\/santemc.quebec\/santemc\/icentre\/wp-content\/uploads\/2016\/09\/periscope-500x103.png 500w\" sizes=\"(max-width: 789px) 100vw, 789px\" \/><\/p>\n<p>La pand\u00e9mie de COVID-19 apporte son lot d\u2019enjeux soci\u00e9taux et la sant\u00e9 mentale n\u2019est malheureusement pas \u00e9pargn\u00e9e. En plein c\u0153ur de la deuxi\u00e8me vague, pr\u00e8s du quart des adultes Mont\u00e9r\u00e9giens pr\u00e9sentent des sympt\u00f4mes anxio-d\u00e9pressifs. Certains groupes sont plus \u00e0 risque, dont les jeunes adultes. En ces temps difficiles, l\u2019adoption d\u2019un mode de vie sain favorise un \u00e9quilibre physique et psychologique.<\/p>\n<p><!--more--><\/p>\n<p>Pour en apprendre davantage sur cette th\u00e9matique, vous \u00eates invit\u00e9s \u00e0 consulter le <a href=\"https:\/\/santemc.quebec\/santemc\/icentre\/wp-content\/uploads\/2021\/03\/P\u00e9riscope_COVID-19_Sant\u00e9Mentale.pdf\" target=\"_blank\" rel=\"noopener noreferrer\">num\u00e9ro suivant<\/a>\u00a0du bulletin P\u00e9riscope.<\/p>\n<p>Bonne lecture!<\/p>\n<p>&nbsp;<\/p>\n","protected":false},"excerpt":{"rendered":"<p>La pand\u00e9mie de COVID-19 apporte son lot d\u2019enjeux soci\u00e9taux et la sant\u00e9 mentale n\u2019est malheureusement pas \u00e9pargn\u00e9e. En plein c\u0153ur de la deuxi\u00e8me vague, pr\u00e8s du quart des adultes Mont\u00e9r\u00e9giens pr\u00e9sentent des sympt\u00f4mes anxio-d\u00e9pressifs. Certains groupes sont plus \u00e0 risque, &hellip; <a href=\"https:\/\/santemc.quebec\/icentre\/bulletin-periscope-pres-dun-monteregien-sur-six-est-fortement-derange-par-le-bruit-copy-copy-copy-copy-copy-copy-copy-copy-copy-copy-copy-copy-copy-copy-copy-copy-copy-copy-copy-copy-copy-copy-copy-2\/\">Continuer la lecture <span class=\"meta-nav\">&rarr;<\/span><\/a><\/p>\n","protected":false},"author":1,"featured_media":0,"comment_status":"open","ping_status":"closed","sticky":false,"template":"","format":"standard","meta":{"footnotes":""},"categories":[1],"tags":[44],"_links":{"self":[{"href":"https:\/\/santemc.quebec\/icentre\/wp-json\/wp\/v2\/posts\/194376"}],"collection":[{"href":"https:\/\/santemc.quebec\/icentre\/wp-json\/wp\/v2\/posts"}],"about":[{"href":"https:\/\/santemc.quebec\/icentre\/wp-json\/wp\/v2\/types\/post"}],"author":[{"embeddable":true,"href":"https:\/\/santemc.quebec\/icentre\/wp-json\/wp\/v2\/users\/1"}],"replies":[{"embeddable":true,"href":"https:\/\/santemc.quebec\/icentre\/wp-json\/wp\/v2\/comments?post=194376"}],"version-history":[{"count":4,"href":"https:\/\/santemc.quebec\/icentre\/wp-json\/wp\/v2\/posts\/194376\/revisions"}],"predecessor-version":[{"id":194381,"href":"https:\/\/santemc.quebec\/icentre\/wp-json\/wp\/v2\/posts\/194376\/revisions\/194381"}],"wp:attachment":[{"href":"https:\/\/santemc.quebec\/icentre\/wp-json\/wp\/v2\/media?parent=194376"}],"wp:term":[{"taxonomy":"category","embeddable":true,"href":"https:\/\/santemc.quebec\/icentre\/wp-json\/wp\/v2\/categories?post=194376"},{"taxonomy":"post_tag","embeddable":true,"href":"https:\/\/santemc.quebec\/icentre\/wp-json\/wp\/v2\/tags?post=194376"}],"curies":[{"name":"wp","href":"https:\/\/api.w.org\/{rel}","templated":true}]}}