{"id":194387,"date":"2021-03-11T16:58:07","date_gmt":"2021-03-11T21:58:07","guid":{"rendered":"http:\/\/santemc.quebec\/icentre\/?p=194387"},"modified":"2021-03-11T17:07:16","modified_gmt":"2021-03-11T22:07:16","slug":"recrutement-intensif-la-boutique-en-ligne-est-de-retour-du-26-au-28-mars-2021","status":"publish","type":"post","link":"https:\/\/santemc.quebec\/icentre\/recrutement-intensif-la-boutique-en-ligne-est-de-retour-du-26-au-28-mars-2021\/","title":{"rendered":"Recrutement intensif : la boutique en ligne est de retour du 26 au 28 mars 2021"},"content":{"rendered":"<p><a href=\"https:\/\/santemc.quebec\/santemc\/icentre\/wp-content\/uploads\/2021\/03\/Capture_pageWeb_boutique.jpg\" target=\"_blank\" rel=\"noopener noreferrer\"><img decoding=\"async\" loading=\"lazy\" class=\"alignleft wp-image-194388 size-large\" src=\"https:\/\/santemc.quebec\/santemc\/icentre\/wp-content\/uploads\/2021\/03\/Capture_pageWeb_boutique-1024x497.jpg\" alt=\"\" width=\"584\" height=\"283\" srcset=\"https:\/\/santemc.quebec\/santemc\/icentre\/wp-content\/uploads\/2021\/03\/Capture_pageWeb_boutique-1024x497.jpg 1024w, https:\/\/santemc.quebec\/santemc\/icentre\/wp-content\/uploads\/2021\/03\/Capture_pageWeb_boutique-300x146.jpg 300w, https:\/\/santemc.quebec\/santemc\/icentre\/wp-content\/uploads\/2021\/03\/Capture_pageWeb_boutique-768x373.jpg 768w, https:\/\/santemc.quebec\/santemc\/icentre\/wp-content\/uploads\/2021\/03\/Capture_pageWeb_boutique-1536x746.jpg 1536w, https:\/\/santemc.quebec\/santemc\/icentre\/wp-content\/uploads\/2021\/03\/Capture_pageWeb_boutique-500x243.jpg 500w, https:\/\/santemc.quebec\/santemc\/icentre\/wp-content\/uploads\/2021\/03\/Capture_pageWeb_boutique.jpg 1758w\" sizes=\"(max-width: 584px) 100vw, 584px\" \/><\/a><\/p>\n<p>&nbsp;<\/p>\n<p>L\u2019arriv\u00e9e du printemps sonne le retour de notre \u00e9v\u00e9nement-signature : la boutique \u00e9ph\u00e9m\u00e8re de recrutement. Cette 5e \u00e9dition se d\u00e9roule de nouveau sur le Web afin de rejoindre les candidats potentiels l\u00e0 o\u00f9 ils se trouvent : dans le confort de leur domicile!<\/p>\n<p><!--more--><\/p>\n<p>Tenue sur trois jours, du 26 au 28 mars, la boutique virtuelle se veut un rendez-vous convivial entre notre organisation et les chercheurs d\u2019emploi. En effet, gr\u00e2ce \u00e0 un processus d\u2019embauche simplifi\u00e9, les candidats peuvent obtenir rapidement une entrevue par vid\u00e9oconf\u00e9rence et quelques jours plus tard, une possible proposition d\u2019embauche.<\/p>\n<h1><strong>Nouveau site Web pour la boutique<\/strong><\/h1>\n<p><a href=\"https:\/\/santemc.quebec\/santemc\/icentre\/wp-content\/uploads\/2021\/03\/Capture_pageWeb_boutique-2.jpg\" target=\"_blank\" rel=\"noopener noreferrer\"><img decoding=\"async\" loading=\"lazy\" class=\"alignleft wp-image-194389 size-medium\" src=\"https:\/\/santemc.quebec\/santemc\/icentre\/wp-content\/uploads\/2021\/03\/Capture_pageWeb_boutique-2-300x144.jpg\" alt=\"\" width=\"300\" height=\"144\" srcset=\"https:\/\/santemc.quebec\/santemc\/icentre\/wp-content\/uploads\/2021\/03\/Capture_pageWeb_boutique-2-300x144.jpg 300w, https:\/\/santemc.quebec\/santemc\/icentre\/wp-content\/uploads\/2021\/03\/Capture_pageWeb_boutique-2-1024x490.jpg 1024w, https:\/\/santemc.quebec\/santemc\/icentre\/wp-content\/uploads\/2021\/03\/Capture_pageWeb_boutique-2-768x368.jpg 768w, https:\/\/santemc.quebec\/santemc\/icentre\/wp-content\/uploads\/2021\/03\/Capture_pageWeb_boutique-2-1536x735.jpg 1536w, https:\/\/santemc.quebec\/santemc\/icentre\/wp-content\/uploads\/2021\/03\/Capture_pageWeb_boutique-2-500x239.jpg 500w, https:\/\/santemc.quebec\/santemc\/icentre\/wp-content\/uploads\/2021\/03\/Capture_pageWeb_boutique-2.jpg 1744w\" sizes=\"(max-width: 300px) 100vw, 300px\" \/><\/a>Nouveaut\u00e9 pour la pr\u00e9sente \u00e9dition\u00a0: une page Web sp\u00e9cialement con\u00e7ue pour la boutique a \u00e9t\u00e9 lanc\u00e9e dans le but de pr\u00e9senter nos emplois les plus en demande.<\/p>\n<p>Cette plateforme color\u00e9e et invitante permet aux candidats de r\u00e9server leur entrevue facilement, de clavarder en direct avec l\u2019\u00e9quipe de la dotation et de consulter un portrait des emplois les plus en demande au sein de notre organisation.<\/p>\n<p>Vous pouvez consulter le nouveau site ici\u00a0: <a href=\"https:\/\/boutique.nousrecrutons.ca\/\">https:\/\/boutique.nousrecrutons.ca\/<\/a><\/p>\n<h1>Campagne publicitaire\u00a0: m\u00e9dias sociaux, Jobboom et Google Ads<\/h1>\n<p>D\u00e8s demain, une campagne de promotion sera lanc\u00e9e pour annoncer le retour de la boutique. Des publicit\u00e9s cibl\u00e9es par titre d\u2019emploi circuleront sur Facebook et Instagram. Des courriels promotionnels seront \u00e9galement envoy\u00e9s aux abonn\u00e9s du site d\u2019emplois Jobboom et des bandeaux publicitaires seront affich\u00e9s gr\u00e2ce \u00e0 Google Ads sur une vari\u00e9t\u00e9 de sites web \u00e0 compter de la semaine prochaine.<\/p>\n<p>Surveillez nos m\u00e9dias sociaux pour voir le d\u00e9ploiement de la campagne et n\u2019h\u00e9sitez pas \u00e0 partager nos publications avec vos amis et connaissances!<\/p>\n","protected":false},"excerpt":{"rendered":"<p>&nbsp; L\u2019arriv\u00e9e du printemps sonne le retour de notre \u00e9v\u00e9nement-signature : la boutique \u00e9ph\u00e9m\u00e8re de recrutement. Cette 5e \u00e9dition se d\u00e9roule de nouveau sur le Web afin de rejoindre les candidats potentiels l\u00e0 o\u00f9 ils se trouvent : dans le &hellip; <a href=\"https:\/\/santemc.quebec\/icentre\/recrutement-intensif-la-boutique-en-ligne-est-de-retour-du-26-au-28-mars-2021\/\">Continuer la lecture <span class=\"meta-nav\">&rarr;<\/span><\/a><\/p>\n","protected":false},"author":1,"featured_media":0,"comment_status":"open","ping_status":"closed","sticky":false,"template":"","format":"standard","meta":{"footnotes":""},"categories":[1],"tags":[],"_links":{"self":[{"href":"https:\/\/santemc.quebec\/icentre\/wp-json\/wp\/v2\/posts\/194387"}],"collection":[{"href":"https:\/\/santemc.quebec\/icentre\/wp-json\/wp\/v2\/posts"}],"about":[{"href":"https:\/\/santemc.quebec\/icentre\/wp-json\/wp\/v2\/types\/post"}],"author":[{"embeddable":true,"href":"https:\/\/santemc.quebec\/icentre\/wp-json\/wp\/v2\/users\/1"}],"replies":[{"embeddable":true,"href":"https:\/\/santemc.quebec\/icentre\/wp-json\/wp\/v2\/comments?post=194387"}],"version-history":[{"count":4,"href":"https:\/\/santemc.quebec\/icentre\/wp-json\/wp\/v2\/posts\/194387\/revisions"}],"predecessor-version":[{"id":194393,"href":"https:\/\/santemc.quebec\/icentre\/wp-json\/wp\/v2\/posts\/194387\/revisions\/194393"}],"wp:attachment":[{"href":"https:\/\/santemc.quebec\/icentre\/wp-json\/wp\/v2\/media?parent=194387"}],"wp:term":[{"taxonomy":"category","embeddable":true,"href":"https:\/\/santemc.quebec\/icentre\/wp-json\/wp\/v2\/categories?post=194387"},{"taxonomy":"post_tag","embeddable":true,"href":"https:\/\/santemc.quebec\/icentre\/wp-json\/wp\/v2\/tags?post=194387"}],"curies":[{"name":"wp","href":"https:\/\/api.w.org\/{rel}","templated":true}]}}