{"id":194447,"date":"2021-03-12T19:48:39","date_gmt":"2021-03-13T00:48:39","guid":{"rendered":"http:\/\/santemc.quebec\/icentre\/?p=194447"},"modified":"2021-03-12T19:54:27","modified_gmt":"2021-03-13T00:54:27","slug":"covid-19-fin-du-rehaussement-obligatoire-de-la-disponibilite-a-temps-complet-arrete-ministeriel-2020-007","status":"publish","type":"post","link":"https:\/\/santemc.quebec\/icentre\/covid-19-fin-du-rehaussement-obligatoire-de-la-disponibilite-a-temps-complet-arrete-ministeriel-2020-007\/","title":{"rendered":"COVID-19 : Fin du rehaussement obligatoire de la disponibilit\u00e9 \u00e0 temps complet (arr\u00eat\u00e9 minist\u00e9riel 2020-007)"},"content":{"rendered":"<p><a href=\"https:\/\/santemc.quebec\/santemc\/icentre\/wp-content\/uploads\/2021\/03\/2021-03-12_CI_Fin-d\u00e9ploiement-arr\u00eat\u00e9-minist\u00e9riel.pdf\" target=\"_blank\" rel=\"noopener noreferrer\">Lire le communiqu\u00e9 interne<\/a><\/p>\n<p><a href=\"https:\/\/santemc.quebec\/santemc\/icentre\/wp-content\/uploads\/2021\/03\/Formulaire-choix-de-lemploy\u00e9-disponibilit\u00e9-additionnelle-\u00e0-temps-complet-modification-mars-2021.pdf\" target=\"_blank\" rel=\"noopener noreferrer\">Formulaire &#8211; Modification disponibilit\u00e9 additionnelle \u00e0 temps complet<\/a><\/p>\n<p>&nbsp;<\/p>\n","protected":false},"excerpt":{"rendered":"<p>Lire le communiqu\u00e9 interne Formulaire &#8211; Modification disponibilit\u00e9 additionnelle \u00e0 temps complet &nbsp;<\/p>\n","protected":false},"author":1,"featured_media":0,"comment_status":"open","ping_status":"closed","sticky":false,"template":"","format":"standard","meta":{"footnotes":""},"categories":[1],"tags":[],"_links":{"self":[{"href":"https:\/\/santemc.quebec\/icentre\/wp-json\/wp\/v2\/posts\/194447"}],"collection":[{"href":"https:\/\/santemc.quebec\/icentre\/wp-json\/wp\/v2\/posts"}],"about":[{"href":"https:\/\/santemc.quebec\/icentre\/wp-json\/wp\/v2\/types\/post"}],"author":[{"embeddable":true,"href":"https:\/\/santemc.quebec\/icentre\/wp-json\/wp\/v2\/users\/1"}],"replies":[{"embeddable":true,"href":"https:\/\/santemc.quebec\/icentre\/wp-json\/wp\/v2\/comments?post=194447"}],"version-history":[{"count":2,"href":"https:\/\/santemc.quebec\/icentre\/wp-json\/wp\/v2\/posts\/194447\/revisions"}],"predecessor-version":[{"id":194455,"href":"https:\/\/santemc.quebec\/icentre\/wp-json\/wp\/v2\/posts\/194447\/revisions\/194455"}],"wp:attachment":[{"href":"https:\/\/santemc.quebec\/icentre\/wp-json\/wp\/v2\/media?parent=194447"}],"wp:term":[{"taxonomy":"category","embeddable":true,"href":"https:\/\/santemc.quebec\/icentre\/wp-json\/wp\/v2\/categories?post=194447"},{"taxonomy":"post_tag","embeddable":true,"href":"https:\/\/santemc.quebec\/icentre\/wp-json\/wp\/v2\/tags?post=194447"}],"curies":[{"name":"wp","href":"https:\/\/api.w.org\/{rel}","templated":true}]}}