{"id":194502,"date":"2021-03-17T09:28:39","date_gmt":"2021-03-17T13:28:39","guid":{"rendered":"http:\/\/santemc.quebec\/icentre\/?p=194502"},"modified":"2021-03-17T16:13:48","modified_gmt":"2021-03-17T20:13:48","slug":"covid-19-mise-a-jour-de-la-foire-aux-questions-9","status":"publish","type":"post","link":"https:\/\/santemc.quebec\/icentre\/covid-19-mise-a-jour-de-la-foire-aux-questions-9\/","title":{"rendered":"COVID-19 : Mise \u00e0 jour de la Foire aux questions"},"content":{"rendered":"<p>Des mises \u00e0 jour ont \u00e9t\u00e9 apport\u00e9es dans la section D\u00e9cret minist\u00e9riel.<\/p>\n<p><a href=\"https:\/\/santemc.quebec\/icentre\/?page_id=185406\" target=\"_blank\" rel=\"noopener noreferrer\">Pour lire la Foire aux questions des employ\u00e9s<\/a><\/p>\n","protected":false},"excerpt":{"rendered":"<p>Des mises \u00e0 jour ont \u00e9t\u00e9 apport\u00e9es dans la section D\u00e9cret minist\u00e9riel. Pour lire la Foire aux questions des employ\u00e9s<\/p>\n","protected":false},"author":33,"featured_media":0,"comment_status":"open","ping_status":"closed","sticky":false,"template":"","format":"standard","meta":{"footnotes":""},"categories":[1],"tags":[],"_links":{"self":[{"href":"https:\/\/santemc.quebec\/icentre\/wp-json\/wp\/v2\/posts\/194502"}],"collection":[{"href":"https:\/\/santemc.quebec\/icentre\/wp-json\/wp\/v2\/posts"}],"about":[{"href":"https:\/\/santemc.quebec\/icentre\/wp-json\/wp\/v2\/types\/post"}],"author":[{"embeddable":true,"href":"https:\/\/santemc.quebec\/icentre\/wp-json\/wp\/v2\/users\/33"}],"replies":[{"embeddable":true,"href":"https:\/\/santemc.quebec\/icentre\/wp-json\/wp\/v2\/comments?post=194502"}],"version-history":[{"count":1,"href":"https:\/\/santemc.quebec\/icentre\/wp-json\/wp\/v2\/posts\/194502\/revisions"}],"predecessor-version":[{"id":194503,"href":"https:\/\/santemc.quebec\/icentre\/wp-json\/wp\/v2\/posts\/194502\/revisions\/194503"}],"wp:attachment":[{"href":"https:\/\/santemc.quebec\/icentre\/wp-json\/wp\/v2\/media?parent=194502"}],"wp:term":[{"taxonomy":"category","embeddable":true,"href":"https:\/\/santemc.quebec\/icentre\/wp-json\/wp\/v2\/categories?post=194502"},{"taxonomy":"post_tag","embeddable":true,"href":"https:\/\/santemc.quebec\/icentre\/wp-json\/wp\/v2\/tags?post=194502"}],"curies":[{"name":"wp","href":"https:\/\/api.w.org\/{rel}","templated":true}]}}