{"id":194525,"date":"2021-03-18T17:27:55","date_gmt":"2021-03-18T21:27:55","guid":{"rendered":"http:\/\/santemc.quebec\/icentre\/?p=194525"},"modified":"2021-03-18T19:34:20","modified_gmt":"2021-03-18T23:34:20","slug":"linlb-vous-invite-a-participer-a-une-oeuvre-collective-internationale","status":"publish","type":"post","link":"https:\/\/santemc.quebec\/icentre\/linlb-vous-invite-a-participer-a-une-oeuvre-collective-internationale\/","title":{"rendered":"L\u2019INLB vous invite \u00e0 participer \u00e0 une \u0153uvre collective internationale!"},"content":{"rendered":"<p><a href=\"https:\/\/santemc.quebec\/santemc\/icentre\/wp-content\/uploads\/2021\/03\/yarn-bomb-1191130_1280.jpg\"><img decoding=\"async\" loading=\"lazy\" class=\"size-medium wp-image-194526 alignleft\" src=\"https:\/\/santemc.quebec\/santemc\/icentre\/wp-content\/uploads\/2021\/03\/yarn-bomb-1191130_1280-300x199.jpg\" alt=\"\" width=\"300\" height=\"199\" srcset=\"https:\/\/santemc.quebec\/santemc\/icentre\/wp-content\/uploads\/2021\/03\/yarn-bomb-1191130_1280-300x199.jpg 300w, https:\/\/santemc.quebec\/santemc\/icentre\/wp-content\/uploads\/2021\/03\/yarn-bomb-1191130_1280-1024x681.jpg 1024w, https:\/\/santemc.quebec\/santemc\/icentre\/wp-content\/uploads\/2021\/03\/yarn-bomb-1191130_1280-768x511.jpg 768w, https:\/\/santemc.quebec\/santemc\/icentre\/wp-content\/uploads\/2021\/03\/yarn-bomb-1191130_1280-451x300.jpg 451w, https:\/\/santemc.quebec\/santemc\/icentre\/wp-content\/uploads\/2021\/03\/yarn-bomb-1191130_1280.jpg 1280w\" sizes=\"(max-width: 300px) 100vw, 300px\" \/><\/a>Le programme surdic\u00e9cit\u00e9 de l\u2019Institut Nazareth et Louis-Braille (INLB) invite tout le personnel du CISSS int\u00e9ress\u00e9 \u00e0 participer \u00e0 une \u0153uvre collective de tricot urbain qui se d\u00e9roulera \u00e0 l\u2019\u00e9chelle mondiale en juin 2021 pour souligner le mois de la surdic\u00e9cit\u00e9.<\/p>\n<p><!--more--><\/p>\n<p>Le tricot urbain, tricot-graffiti ou yarn bombing, est une forme d&rsquo;art urbain ou de graffiti qui utilise le tricot, le crochet ou d&rsquo;autres techniques utilisant du fil pour recouvrir du mobilier urbain, des troncs d\u2019arbres, des sculptures, etc.<\/p>\n<p>Cette ann\u00e9e, \u00e0 l\u2019initiative de l\u2019organisation Deafblind international, une association internationale de sensibilisation \u00e0 la surdic\u00e9cit\u00e9, des tricots-graffitis appara\u00eetront un peu partout dans le monde pour sensibiliser la population \u00e0 ce que vivent les personnes vivant avec la surdic\u00e9cit\u00e9, ainsi qu\u2019au travail de ceux et celles qui les accompagnent.<\/p>\n<p><strong>Comment participer?<\/strong><br \/>\nJoignez-vous \u00e0 l\u2019initiative en tricotant ou en crochetant des carr\u00e9s de 20 cm sur 20 cm (environ 8 po sur 8 po) de la couleur et du style que vous voulez. Soyez cr\u00e9atif : l\u2019\u0153uvre peut \u00eatre tactile!<\/p>\n<p>D\u00e9posez ensuite vos carr\u00e9s dans les bo\u00eetes pr\u00e9vues \u00e0 cet effet aux points de services de l\u2019INLB \u00e0 Longueuil, Radisson et Jean-Brillant, ou faites parvenir vos tricots par le courrier interne au point de services Radisson de l\u2019INLB en inscrivant \u00ab Projet Tricot Urbain Radisson \u00bb sur l\u2019enveloppe. N\u2019oubliez pas d\u2019indiquer votre nom, votre titre d\u2019emploi ainsi que le secteur d\u2019activit\u00e9s au sein duquel vous travaillez. Les carr\u00e9s doivent \u00eatre re\u00e7us avant le 1<sup>er<\/sup> mai prochain.<\/p>\n<p>L\u2019\u0153uvre sera d\u00e9voil\u00e9e durant la semaine du 14 juin 2021. Plus vous serez nombreux \u00e0 y participer, plus le r\u00e9sultat sera magistral! Les d\u00e9tails au sujet du lancement seront d\u00e9voil\u00e9s ult\u00e9rieurement.<\/p>\n","protected":false},"excerpt":{"rendered":"<p>Le programme surdic\u00e9cit\u00e9 de l\u2019Institut Nazareth et Louis-Braille (INLB) invite tout le personnel du CISSS int\u00e9ress\u00e9 \u00e0 participer \u00e0 une \u0153uvre collective de tricot urbain qui se d\u00e9roulera \u00e0 l\u2019\u00e9chelle mondiale en juin 2021 pour souligner le mois de la &hellip; <a href=\"https:\/\/santemc.quebec\/icentre\/linlb-vous-invite-a-participer-a-une-oeuvre-collective-internationale\/\">Continuer la lecture <span class=\"meta-nav\">&rarr;<\/span><\/a><\/p>\n","protected":false},"author":9,"featured_media":0,"comment_status":"open","ping_status":"closed","sticky":false,"template":"","format":"standard","meta":{"footnotes":""},"categories":[1],"tags":[],"_links":{"self":[{"href":"https:\/\/santemc.quebec\/icentre\/wp-json\/wp\/v2\/posts\/194525"}],"collection":[{"href":"https:\/\/santemc.quebec\/icentre\/wp-json\/wp\/v2\/posts"}],"about":[{"href":"https:\/\/santemc.quebec\/icentre\/wp-json\/wp\/v2\/types\/post"}],"author":[{"embeddable":true,"href":"https:\/\/santemc.quebec\/icentre\/wp-json\/wp\/v2\/users\/9"}],"replies":[{"embeddable":true,"href":"https:\/\/santemc.quebec\/icentre\/wp-json\/wp\/v2\/comments?post=194525"}],"version-history":[{"count":1,"href":"https:\/\/santemc.quebec\/icentre\/wp-json\/wp\/v2\/posts\/194525\/revisions"}],"predecessor-version":[{"id":194527,"href":"https:\/\/santemc.quebec\/icentre\/wp-json\/wp\/v2\/posts\/194525\/revisions\/194527"}],"wp:attachment":[{"href":"https:\/\/santemc.quebec\/icentre\/wp-json\/wp\/v2\/media?parent=194525"}],"wp:term":[{"taxonomy":"category","embeddable":true,"href":"https:\/\/santemc.quebec\/icentre\/wp-json\/wp\/v2\/categories?post=194525"},{"taxonomy":"post_tag","embeddable":true,"href":"https:\/\/santemc.quebec\/icentre\/wp-json\/wp\/v2\/tags?post=194525"}],"curies":[{"name":"wp","href":"https:\/\/api.w.org\/{rel}","templated":true}]}}