{"id":194543,"date":"2021-03-19T14:47:53","date_gmt":"2021-03-19T18:47:53","guid":{"rendered":"http:\/\/santemc.quebec\/icentre\/?p=194543"},"modified":"2021-03-19T14:47:53","modified_gmt":"2021-03-19T18:47:53","slug":"les-personnes-de-65-ans-et-plus-invitees-a-se-faire-vacciner","status":"publish","type":"post","link":"https:\/\/santemc.quebec\/icentre\/les-personnes-de-65-ans-et-plus-invitees-a-se-faire-vacciner\/","title":{"rendered":"Les personnes de 65 ans et plus invit\u00e9es \u00e0 se faire vacciner"},"content":{"rendered":"<p><em>Communiqu\u00e9 de presse diffus\u00e9 aujourd&rsquo;hui par la Direction de sant\u00e9 publique<\/em><\/p>\n<p>Longueuil, 19 mars 2021 \u2013 La campagne de vaccination contre la COVID s\u2019acc\u00e9l\u00e8re en Mont\u00e9r\u00e9gie. C\u2019est maintenant au tour des personnes n\u00e9es en 1956 ou avant d\u2019\u00eatre invit\u00e9es \u00e0 prendre rendez-vous d\u00e8s aujourd\u2019hui pour se faire vacciner contre la COVID.<\/p>\n<p>La fa\u00e7on la plus simple de prendre rendez-vous est de s\u2019inscrire en ligne en consultant la page\u00a0<a class=\"is-external is-new-window\" href=\"http:\/\/xn--qubec-csa.ca\/vaccinCOVID\" target=\"_blank\" rel=\"noopener noreferrer\">Qu\u00e9bec.ca\/vaccinCOVID<\/a>. Pour ceux et celles qui n\u2019ont pas acc\u00e8s \u00e0 Internet ou qui \u00e9prouvent des difficult\u00e9s \u00e0 l\u2019utiliser, il est possible de composer le 1 877 644-4545 pour recevoir du soutien.<!--more--><\/p>\n<p>En Mont\u00e9r\u00e9gie, la campagne de vaccination se d\u00e9roulera dans la quinzaine de sites de vaccination qui ont \u00e9t\u00e9 ouverts un peu partout sur le territoire. On trouve la liste des municipalit\u00e9s qui accueillent un site en consultant ce lien :\u00a0<a class=\"is-external is-new-window\" href=\"https:\/\/santemonteregie.qc.ca\/vaccination-contre-la-covid-19-en-monteregie\" target=\"_blank\" rel=\"noopener noreferrer\">https:\/\/santemonteregie.qc.ca\/vaccination-contre-la-covid-19-en-monteregie<\/a><\/p>\n<p>\u00ab Depuis le d\u00e9but de la campagne, plus de 112 562 Mont\u00e9r\u00e9giens ont \u00e9t\u00e9 vaccin\u00e9s. Nous sommes tr\u00e8s satisfaits de voir que les gens r\u00e9pondent massivement \u00e0 l\u2019invitation. En nous prot\u00e9geant contre le virus, les vaccins nous donnent espoir de retrouver une vie normale lorsque ce sera possible. Malgr\u00e9 les assouplissements qui ont \u00e9t\u00e9 apport\u00e9s r\u00e9cemment aux consignes en zone rouge, il faut quand m\u00eame faire preuve de prudence et suivre les consignes de la sant\u00e9 publique compte tenu de la pr\u00e9sence des variants sur le territoire, particuli\u00e8rement dans la r\u00e9gion de Montr\u00e9al \u00bb, rappelle Dre Julie Loslier, directrice de sant\u00e9 publique de la Mont\u00e9r\u00e9gie.<\/p>\n<p>Pour plus d\u2019information sur la COVID en Mont\u00e9r\u00e9gie, nous vous invitons \u00e0 consulter le portail\u00a0<a class=\"is-external is-new-window\" href=\"https:\/\/santemonteregie.qc.ca\/vaccination-contre-la-covid-19-en-monteregie\" target=\"_blank\" rel=\"noopener noreferrer\">https:\/\/www.santemonteregie.qc.ca\/conseils-sante\/coronavirus-covid-19<\/a>. La page Facebook de la Direction de sant\u00e9 publique vous permet de suivre l\u2019\u00e9volution de la pand\u00e9mie en Mont\u00e9r\u00e9gie. Nous vous invitons \u00e0 la consulter \u00e0 cette adresse :\u00a0<a class=\"is-external is-new-window\" href=\"https:\/\/www.facebook.com\/DSPMonteregie\/\" target=\"_blank\" rel=\"noopener noreferrer\">https:\/\/www.facebook.com\/DSPMonteregie\/<\/a><\/p>\n","protected":false},"excerpt":{"rendered":"<p>Communiqu\u00e9 de presse diffus\u00e9 aujourd&rsquo;hui par la Direction de sant\u00e9 publique Longueuil, 19 mars 2021 \u2013 La campagne de vaccination contre la COVID s\u2019acc\u00e9l\u00e8re en Mont\u00e9r\u00e9gie. C\u2019est maintenant au tour des personnes n\u00e9es en 1956 ou avant d\u2019\u00eatre invit\u00e9es \u00e0 &hellip; <a href=\"https:\/\/santemc.quebec\/icentre\/les-personnes-de-65-ans-et-plus-invitees-a-se-faire-vacciner\/\">Continuer la lecture <span class=\"meta-nav\">&rarr;<\/span><\/a><\/p>\n","protected":false},"author":1,"featured_media":0,"comment_status":"open","ping_status":"closed","sticky":false,"template":"","format":"standard","meta":{"footnotes":""},"categories":[1],"tags":[],"_links":{"self":[{"href":"https:\/\/santemc.quebec\/icentre\/wp-json\/wp\/v2\/posts\/194543"}],"collection":[{"href":"https:\/\/santemc.quebec\/icentre\/wp-json\/wp\/v2\/posts"}],"about":[{"href":"https:\/\/santemc.quebec\/icentre\/wp-json\/wp\/v2\/types\/post"}],"author":[{"embeddable":true,"href":"https:\/\/santemc.quebec\/icentre\/wp-json\/wp\/v2\/users\/1"}],"replies":[{"embeddable":true,"href":"https:\/\/santemc.quebec\/icentre\/wp-json\/wp\/v2\/comments?post=194543"}],"version-history":[{"count":1,"href":"https:\/\/santemc.quebec\/icentre\/wp-json\/wp\/v2\/posts\/194543\/revisions"}],"predecessor-version":[{"id":194544,"href":"https:\/\/santemc.quebec\/icentre\/wp-json\/wp\/v2\/posts\/194543\/revisions\/194544"}],"wp:attachment":[{"href":"https:\/\/santemc.quebec\/icentre\/wp-json\/wp\/v2\/media?parent=194543"}],"wp:term":[{"taxonomy":"category","embeddable":true,"href":"https:\/\/santemc.quebec\/icentre\/wp-json\/wp\/v2\/categories?post=194543"},{"taxonomy":"post_tag","embeddable":true,"href":"https:\/\/santemc.quebec\/icentre\/wp-json\/wp\/v2\/tags?post=194543"}],"curies":[{"name":"wp","href":"https:\/\/api.w.org\/{rel}","templated":true}]}}