{"id":194585,"date":"2021-03-22T19:34:05","date_gmt":"2021-03-22T23:34:05","guid":{"rendered":"http:\/\/santemc.quebec\/icentre\/?p=194585"},"modified":"2021-03-22T19:34:05","modified_gmt":"2021-03-22T23:34:05","slug":"detresse-et-adaptation-des-adolescents-face-a-la-covid-19-conference-gratuite-du-cr-csis","status":"publish","type":"post","link":"https:\/\/santemc.quebec\/icentre\/detresse-et-adaptation-des-adolescents-face-a-la-covid-19-conference-gratuite-du-cr-csis\/","title":{"rendered":"D\u00e9tresse et adaptation des adolescents face \u00e0 la COVID-19\u00a0: conf\u00e9rence gratuite du CR-CSIS"},"content":{"rendered":"<p><a href=\"https:\/\/santemc.quebec\/santemc\/icentre\/wp-content\/uploads\/2021\/03\/Visuel_CRCSIS.png\"><img decoding=\"async\" loading=\"lazy\" class=\"alignnone wp-image-194582\" src=\"https:\/\/santemc.quebec\/santemc\/icentre\/wp-content\/uploads\/2021\/03\/Visuel_CRCSIS.png\" alt=\"\" width=\"422\" height=\"134\" \/><\/a><\/p>\n<p>Ce mercredi, de 12 h \u00e0 13 h, <strong>Pre Catherine Laurier<\/strong>, nouvellement chercheuse au Centre de recherche Charles-Le Moyne \u2013 Saguenay \u2013 Lac-Saint-Jean sur les innovations en sant\u00e9 (CR-CSIS), offrira une conf\u00e9rence gratuite sur TEAMS.<\/p>\n<p><!--more--><\/p>\n<p>Elle pr\u00e9sentera bri\u00e8vement sa programmation de recherche qui repose sur deux axes : sant\u00e9 mentale chez les jeunes contrevenants et r\u00e9silience et int\u00e9gration sociale des adolescents.<\/p>\n<p>Suivant cela, elle abordera des r\u00e9sultats issus d\u2019une recherche en cours portant sur l\u2019adaptation des jeunes et des familles dans le contexte de la COVID-19. Cette recherche est men\u00e9e aupr\u00e8s d\u2019adolescents \u00e2g\u00e9s de 12 \u00e0 17 ans. Les r\u00e9sultats du premier temps de mesure (\u00e9t\u00e9 2020) feront \u00e9tat des niveaux de d\u00e9tresse ressentie par les adolescents et de facteurs de protection pouvant venir mod\u00e9rer cette d\u00e9tresse. Les implications et retomb\u00e9es possibles de ces r\u00e9sultats seront discut\u00e9es.<\/p>\n<p><a href=\"https:\/\/santemc.quebec\/santemc\/icentre\/wp-content\/uploads\/2021\/03\/Laurier2.jpg\"><img decoding=\"async\" loading=\"lazy\" class=\"size-full wp-image-194583 alignleft\" src=\"https:\/\/santemc.quebec\/santemc\/icentre\/wp-content\/uploads\/2021\/03\/Laurier2.jpg\" alt=\"\" width=\"184\" height=\"171\" \/><\/a><strong>La conf\u00e9renci\u00e8re\u00a0: <\/strong><br \/>\n<strong>Pre Catherine Laurier <\/strong>est professeure adjointe au D\u00e9partement de psycho\u00e9ducation de l\u2019Universit\u00e9 de Sherbrooke. Ses recherches portent surtout sur la sant\u00e9 mentale des jeunes contrevenants et sur l\u2019impact des \u00e9v\u00e9nements traumatiques v\u00e9cus ou non en contexte de d\u00e9linquance. De plus, elle s\u2019int\u00e9resse de fa\u00e7on plus g\u00e9n\u00e9rale aux m\u00e9diums favorisant l\u2019int\u00e9gration psychosociale des adolescents, parmi lesquels les sports et les activit\u00e9s physiques. Depuis le printemps 2020, elle s\u2019int\u00e9resse \u00e0 l\u2019adaptation des jeunes dans le contexte de la COVID-19, situation qui en fait une population \u00e0 risque.<\/p>\n<p><strong><span style=\"font-style: inherit;\">Date\u00a0: mercredi, 24 mars 2021, de 12 h \u00e0 13 h<br \/>\nLien pour y assister\u00a0: <\/span><\/strong><\/p>\n<p>Bienvenue \u00e0 tous!<\/p>\n","protected":false},"excerpt":{"rendered":"<p>Ce mercredi, de 12 h \u00e0 13 h, Pre Catherine Laurier, nouvellement chercheuse au Centre de recherche Charles-Le Moyne \u2013 Saguenay \u2013 Lac-Saint-Jean sur les innovations en sant\u00e9 (CR-CSIS), offrira une conf\u00e9rence gratuite sur TEAMS.<\/p>\n","protected":false},"author":32,"featured_media":0,"comment_status":"open","ping_status":"closed","sticky":false,"template":"","format":"standard","meta":{"footnotes":""},"categories":[1],"tags":[],"_links":{"self":[{"href":"https:\/\/santemc.quebec\/icentre\/wp-json\/wp\/v2\/posts\/194585"}],"collection":[{"href":"https:\/\/santemc.quebec\/icentre\/wp-json\/wp\/v2\/posts"}],"about":[{"href":"https:\/\/santemc.quebec\/icentre\/wp-json\/wp\/v2\/types\/post"}],"author":[{"embeddable":true,"href":"https:\/\/santemc.quebec\/icentre\/wp-json\/wp\/v2\/users\/32"}],"replies":[{"embeddable":true,"href":"https:\/\/santemc.quebec\/icentre\/wp-json\/wp\/v2\/comments?post=194585"}],"version-history":[{"count":2,"href":"https:\/\/santemc.quebec\/icentre\/wp-json\/wp\/v2\/posts\/194585\/revisions"}],"predecessor-version":[{"id":194587,"href":"https:\/\/santemc.quebec\/icentre\/wp-json\/wp\/v2\/posts\/194585\/revisions\/194587"}],"wp:attachment":[{"href":"https:\/\/santemc.quebec\/icentre\/wp-json\/wp\/v2\/media?parent=194585"}],"wp:term":[{"taxonomy":"category","embeddable":true,"href":"https:\/\/santemc.quebec\/icentre\/wp-json\/wp\/v2\/categories?post=194585"},{"taxonomy":"post_tag","embeddable":true,"href":"https:\/\/santemc.quebec\/icentre\/wp-json\/wp\/v2\/tags?post=194585"}],"curies":[{"name":"wp","href":"https:\/\/api.w.org\/{rel}","templated":true}]}}