{"id":194617,"date":"2021-03-23T19:26:02","date_gmt":"2021-03-23T23:26:02","guid":{"rendered":"http:\/\/santemc.quebec\/icentre\/?p=194617"},"modified":"2021-03-23T19:26:15","modified_gmt":"2021-03-23T23:26:15","slug":"194617","status":"publish","type":"post","link":"https:\/\/santemc.quebec\/icentre\/194617\/","title":{"rendered":"Un site de vaccination contre la COVID-19 \u00e0 Chambly, le saviez-vous?"},"content":{"rendered":"<p><a href=\"https:\/\/santemc.quebec\/santemc\/icentre\/wp-content\/uploads\/2021\/03\/thumbnail_Image.jpg\"><img decoding=\"async\" loading=\"lazy\" class=\"alignleft size-medium wp-image-194533\" src=\"https:\/\/santemc.quebec\/santemc\/icentre\/wp-content\/uploads\/2021\/03\/thumbnail_Image-300x188.jpg\" alt=\"\" width=\"300\" height=\"188\" srcset=\"https:\/\/santemc.quebec\/santemc\/icentre\/wp-content\/uploads\/2021\/03\/thumbnail_Image-300x188.jpg 300w, https:\/\/santemc.quebec\/santemc\/icentre\/wp-content\/uploads\/2021\/03\/thumbnail_Image-1024x642.jpg 1024w, https:\/\/santemc.quebec\/santemc\/icentre\/wp-content\/uploads\/2021\/03\/thumbnail_Image-768x482.jpg 768w, https:\/\/santemc.quebec\/santemc\/icentre\/wp-content\/uploads\/2021\/03\/thumbnail_Image-478x300.jpg 478w, https:\/\/santemc.quebec\/santemc\/icentre\/wp-content\/uploads\/2021\/03\/thumbnail_Image.jpg 1280w\" sizes=\"(max-width: 300px) 100vw, 300px\" \/><\/a>Le site est situ\u00e9 dans les locaux du Centre des Ain\u00e9s de l&rsquo;avenue de Bourgogne \u00e0 Chambly (voir les photos). Il a ouvert ses portes le 8 mars dernier. Dans un souci d\u2019offrir la vaccination dans des sites de proximit\u00e9 et d\u2019augmenter la capacit\u00e9 vaccinale de notre organisation, il s\u2019ajoute \u00e0 ceux d\u00e9j\u00e0 am\u00e9nag\u00e9s dans les municipalit\u00e9s de Brossard, Lacolle, Saint-C\u00e9saire et Saint-Jean-sur-Richelieu.<!--more--><\/p>\n<p>La mise en place des diff\u00e9rents sites de vaccination requiert une grande collaboration et l\u2019agilit\u00e9 de plusieurs secteurs de notre organisation. F\u00e9licitations aux \u00e9quipes qui contribuent \u00e0 faire de cette grande op\u00e9ration de vaccination contre la COVID-19 un succ\u00e8s!<\/p>\n<p>En terminant, la campagne de vaccination contre la COVID-19 s\u2019organise efficacement dans la r\u00e9gion. D\u2019ailleurs, selon les plus r\u00e9centes donn\u00e9es du minist\u00e8re de la Sant\u00e9 et des Services sociaux, 137 666 personnes avaient \u00e9t\u00e9 vaccin\u00e9es en Mont\u00e9r\u00e9gie. De plus, le cap d\u2019un million de doses de vaccin administr\u00e9es a \u00e9t\u00e9 atteint aujourd\u2019hui pour l\u2019ensemble du Qu\u00e9bec.<\/p>\n","protected":false},"excerpt":{"rendered":"<p>Le site est situ\u00e9 dans les locaux du Centre des Ain\u00e9s de l&rsquo;avenue de Bourgogne \u00e0 Chambly (voir les photos). Il a ouvert ses portes le 8 mars dernier. Dans un souci d\u2019offrir la vaccination dans des sites de proximit\u00e9 &hellip; <a href=\"https:\/\/santemc.quebec\/icentre\/194617\/\">Continuer la lecture <span class=\"meta-nav\">&rarr;<\/span><\/a><\/p>\n","protected":false},"author":1,"featured_media":0,"comment_status":"open","ping_status":"closed","sticky":false,"template":"","format":"standard","meta":{"footnotes":""},"categories":[1],"tags":[],"_links":{"self":[{"href":"https:\/\/santemc.quebec\/icentre\/wp-json\/wp\/v2\/posts\/194617"}],"collection":[{"href":"https:\/\/santemc.quebec\/icentre\/wp-json\/wp\/v2\/posts"}],"about":[{"href":"https:\/\/santemc.quebec\/icentre\/wp-json\/wp\/v2\/types\/post"}],"author":[{"embeddable":true,"href":"https:\/\/santemc.quebec\/icentre\/wp-json\/wp\/v2\/users\/1"}],"replies":[{"embeddable":true,"href":"https:\/\/santemc.quebec\/icentre\/wp-json\/wp\/v2\/comments?post=194617"}],"version-history":[{"count":2,"href":"https:\/\/santemc.quebec\/icentre\/wp-json\/wp\/v2\/posts\/194617\/revisions"}],"predecessor-version":[{"id":194619,"href":"https:\/\/santemc.quebec\/icentre\/wp-json\/wp\/v2\/posts\/194617\/revisions\/194619"}],"wp:attachment":[{"href":"https:\/\/santemc.quebec\/icentre\/wp-json\/wp\/v2\/media?parent=194617"}],"wp:term":[{"taxonomy":"category","embeddable":true,"href":"https:\/\/santemc.quebec\/icentre\/wp-json\/wp\/v2\/categories?post=194617"},{"taxonomy":"post_tag","embeddable":true,"href":"https:\/\/santemc.quebec\/icentre\/wp-json\/wp\/v2\/tags?post=194617"}],"curies":[{"name":"wp","href":"https:\/\/api.w.org\/{rel}","templated":true}]}}