{"id":194626,"date":"2021-03-24T13:05:34","date_gmt":"2021-03-24T17:05:34","guid":{"rendered":"http:\/\/santemc.quebec\/icentre\/?p=194626"},"modified":"2021-03-24T14:32:08","modified_gmt":"2021-03-24T18:32:08","slug":"passerelle-formation-infirmiere-une-nouvelle-formation-offerte-aux-infirmieres-auxiliaires-du-cisssmc","status":"publish","type":"post","link":"https:\/\/santemc.quebec\/icentre\/passerelle-formation-infirmiere-une-nouvelle-formation-offerte-aux-infirmieres-auxiliaires-du-cisssmc\/","title":{"rendered":"Passerelle Formation Infirmi\u00e8re : une nouvelle formation offerte aux infirmi\u00e8res auxiliaires du CISSSMC"},"content":{"rendered":"<p><a href=\"https:\/\/santemc.quebec\/santemc\/icentre\/wp-content\/uploads\/2021\/03\/logo_Passerelle_Formation_Infirmiere.jpg\"><img decoding=\"async\" loading=\"lazy\" class=\"size-full wp-image-194629 alignleft\" src=\"https:\/\/santemc.quebec\/santemc\/icentre\/wp-content\/uploads\/2021\/03\/logo_Passerelle_Formation_Infirmiere.jpg\" alt=\"\" width=\"192\" height=\"90\" \/><\/a>Un programme de formation novateur vient d\u2019\u00eatre lanc\u00e9 par le CISSS de la Mont\u00e9r\u00e9gie-Centre et le C\u00e9gep de Saint-Jean-sur-Richelieu. Cr\u00e9\u00e9 sur mesure pour les infirmi\u00e8res auxiliaires \u00e0 l\u2019emploi du CISSSMC, le programme <em>Passerelle Formation Infirmi\u00e8re<\/em> se veut un tremplin vers la profession infirmi\u00e8re. D\u2019une dur\u00e9e de 20 mois et demi (2175 heures), cette formation est une formule revisit\u00e9e du programme 180.B0, qui est offert ailleurs dans la province, et m\u00e8ne \u00e0 l\u2019obtention d\u2019un dipl\u00f4me d\u2019\u00e9tudes coll\u00e9giales (DEC) en soins infirmiers.<\/p>\n<p><!--more--><\/p>\n<p>Offert en alternance travail-\u00e9tudes, le programme permet aux infirmi\u00e8res auxiliaires s\u00e9lectionn\u00e9es de maintenir leur lien d\u2019emploi avec le CISSS de la Mont\u00e9r\u00e9gie-Centre, de continuer \u00e0 travailler \u00e0 temps partiel durant leur formation et de concilier travail-\u00e9tudes-vie familiale tout en d\u00e9veloppant de nouvelles comp\u00e9tences.<\/p>\n<p>Le contenu du programme, unique au Qu\u00e9bec, fait place \u00e0 plusieurs innovations :<\/p>\n<ul>\n<li>Une formation d\u2019une dur\u00e9e de 20 mois et demi (comparativement aux 36 mois n\u00e9cessaires pour compl\u00e9ter le DEC r\u00e9gulier).<\/li>\n<li>Un am\u00e9nagement du temps de cours sur 3 jours en semaine (mardi-mercredi-jeudi) pour permettre aux employ\u00e9es-\u00e9tudiantes de continuer \u00e0 travailler \u00e0 temps partiel selon un horaire minimal de 4 jours\/quinzaine.<\/li>\n<li>Des p\u00e9riodes de laboratoires r\u00e9alis\u00e9es 2 heures avant ou apr\u00e8s le quart de travail.<\/li>\n<li>Des stages r\u00e9alis\u00e9s en milieu de travail qui permettent de raccourcir la dur\u00e9e du programme.<\/li>\n<li>Des laboratoires et stages r\u00e9mun\u00e9r\u00e9s pour l\u2019employ\u00e9e-\u00e9tudiante.<\/li>\n<\/ul>\n<p>La premi\u00e8re cohorte du programme <em>Passerelle Formation Infirmi\u00e8re<\/em> amorcera ses cours en ao\u00fbt 2021. Toutefois, comme la formation requiert certains cours pr\u00e9alables, les infirmi\u00e8res auxiliaires qui ne poss\u00e8dent pas ces pr\u00e9requis devront suivre une formation d\u2019appoint offerte par le C\u00e9gep, et ce, d\u00e8s la fin mai 2021, avant d\u2019entamer le programme.<\/p>\n<p><strong>Pour participer au programme<\/strong><\/p>\n<p>Vous \u00eates infirmi\u00e8re auxiliaire et le programme <em>Passerelle Formation Infirmi\u00e8re <\/em>vous int\u00e9resse? La premi\u00e8re \u00e9tape pour participer au programme est d\u2019abord de vous inscrire \u00e0 une des s\u00e9ances d\u2019information qui seront donn\u00e9es par des repr\u00e9sentants du C\u00e9gep de Saint-Jean-sur-Richelieu et une \u00e9quipe du CISSSMC par vid\u00e9oconf\u00e9rence, durant la semaine du 29 mars.<\/p>\n<p>Notez que vous devez assister \u00e0 une de ces s\u00e9ances avant de pouvoir d\u00e9poser votre candidature. La s\u00e9ance vous permettra d\u2019en apprendre davantage sur le programme, les pr\u00e9requis et les modalit\u00e9s \u00e0 respecter lorsque vous vous engagez dans cette d\u00e9marche.<\/p>\n<p>Pour vous inscrire, nous vous invitons \u00e0 remplir le court formulaire disponible en ligne\u00a0: <a href=\"https:\/\/santemc.quebec\/icentre\/?page_id=194402\" target=\"_blank\" rel=\"noopener noreferrer\"><strong>santemc.quebec\/passerelle<\/strong><em>\u00a0\u00a0 <\/em><\/a><\/p>\n","protected":false},"excerpt":{"rendered":"<p>Un programme de formation novateur vient d\u2019\u00eatre lanc\u00e9 par le CISSS de la Mont\u00e9r\u00e9gie-Centre et le C\u00e9gep de Saint-Jean-sur-Richelieu. Cr\u00e9\u00e9 sur mesure pour les infirmi\u00e8res auxiliaires \u00e0 l\u2019emploi du CISSSMC, le programme Passerelle Formation Infirmi\u00e8re se veut un tremplin vers &hellip; <a href=\"https:\/\/santemc.quebec\/icentre\/passerelle-formation-infirmiere-une-nouvelle-formation-offerte-aux-infirmieres-auxiliaires-du-cisssmc\/\">Continuer la lecture <span class=\"meta-nav\">&rarr;<\/span><\/a><\/p>\n","protected":false},"author":9,"featured_media":0,"comment_status":"open","ping_status":"closed","sticky":false,"template":"","format":"standard","meta":{"footnotes":""},"categories":[1],"tags":[],"_links":{"self":[{"href":"https:\/\/santemc.quebec\/icentre\/wp-json\/wp\/v2\/posts\/194626"}],"collection":[{"href":"https:\/\/santemc.quebec\/icentre\/wp-json\/wp\/v2\/posts"}],"about":[{"href":"https:\/\/santemc.quebec\/icentre\/wp-json\/wp\/v2\/types\/post"}],"author":[{"embeddable":true,"href":"https:\/\/santemc.quebec\/icentre\/wp-json\/wp\/v2\/users\/9"}],"replies":[{"embeddable":true,"href":"https:\/\/santemc.quebec\/icentre\/wp-json\/wp\/v2\/comments?post=194626"}],"version-history":[{"count":2,"href":"https:\/\/santemc.quebec\/icentre\/wp-json\/wp\/v2\/posts\/194626\/revisions"}],"predecessor-version":[{"id":194630,"href":"https:\/\/santemc.quebec\/icentre\/wp-json\/wp\/v2\/posts\/194626\/revisions\/194630"}],"wp:attachment":[{"href":"https:\/\/santemc.quebec\/icentre\/wp-json\/wp\/v2\/media?parent=194626"}],"wp:term":[{"taxonomy":"category","embeddable":true,"href":"https:\/\/santemc.quebec\/icentre\/wp-json\/wp\/v2\/categories?post=194626"},{"taxonomy":"post_tag","embeddable":true,"href":"https:\/\/santemc.quebec\/icentre\/wp-json\/wp\/v2\/tags?post=194626"}],"curies":[{"name":"wp","href":"https:\/\/api.w.org\/{rel}","templated":true}]}}