{"id":194641,"date":"2021-03-24T19:20:57","date_gmt":"2021-03-24T23:20:57","guid":{"rendered":"http:\/\/santemc.quebec\/icentre\/?p=194641"},"modified":"2021-03-24T19:20:57","modified_gmt":"2021-03-24T23:20:57","slug":"sensibilisons-nous-a-lutilisation-de-leau-potable","status":"publish","type":"post","link":"https:\/\/santemc.quebec\/icentre\/sensibilisons-nous-a-lutilisation-de-leau-potable\/","title":{"rendered":"Sensibilisons-nous \u00e0 l\u2019utilisation de l\u2019eau potable"},"content":{"rendered":"<p class=\"x_x_MsoNormal\"><a href=\"https:\/\/santemc.quebec\/santemc\/icentre\/wp-content\/uploads\/2021\/03\/Capture.png\"><img decoding=\"async\" loading=\"lazy\" class=\"alignleft size-medium wp-image-194642\" src=\"https:\/\/santemc.quebec\/santemc\/icentre\/wp-content\/uploads\/2021\/03\/Capture-300x265.png\" alt=\"\" width=\"300\" height=\"265\" srcset=\"https:\/\/santemc.quebec\/santemc\/icentre\/wp-content\/uploads\/2021\/03\/Capture-300x265.png 300w, https:\/\/santemc.quebec\/santemc\/icentre\/wp-content\/uploads\/2021\/03\/Capture-340x300.png 340w, https:\/\/santemc.quebec\/santemc\/icentre\/wp-content\/uploads\/2021\/03\/Capture.png 578w\" sizes=\"(max-width: 300px) 100vw, 300px\" \/><\/a>Depuis 1993, l\u2019Organisation des Nations Unies profite du mois de mars pour renforcer l\u2019importance de l\u2019eau douce. Puisque l\u2019eau potable est gratuite au Qu\u00e9bec, il est facile de tenir pour acquise cette ressource qui nous parait in\u00e9puisable. Toutefois, en mars 2019,\u00a0<i>La Strat\u00e9gie qu\u00e9b\u00e9coise d\u2019\u00e9conomie d\u2019eau potable 2019-2025\u00a0<\/i>a d\u00e9fini comme objectif premier la r\u00e9duction de consommation d\u2019eau potable de 20% par rapport \u00e0 2015. Depuis, plusieurs mesures ont \u00e9t\u00e9 mises en place dans l\u2019ensemble de la province pour accomplir cet objectif en sollicitant autant les citoyens, les municipalit\u00e9s que les grandes organisations \u00e0 faire des changements dans leur pratique de consommation. <!--more--><\/p>\n<p class=\"x_x_MsoNormal\">Notre \u00e9tablissement fait sa part! Notre \u00e9quipe en d\u00e9veloppement durable s\u2019inscrit dans cet axe et travaille au d\u00e9veloppement d\u2019une politique interne sur l\u2019utilisation de l\u2019eau potable \u00e0 m\u00eame nos installations. Ensemble, nous pouvons contribuer \u00e0 la r\u00e9duction de la consommation de l\u2019eau ainsi qu\u2019\u00e0 la sensibilisation de son utilisation.<\/p>\n<p class=\"x_x_MsoNormal\">Nous soulignons la chance que nous avons d\u2019avoir un acc\u00e8s journalier \u00e0 de l\u2019eau propre et de qualit\u00e9, ainsi que sa valeur pr\u00e9cieuse et le r\u00f4le crucial que celle-ci joue dans le maintien d\u2019une population en sant\u00e9.<\/p>\n<p class=\"x_x_MsoNormal\">Pour toutes questions concernant le d\u00e9veloppement durable, n\u2019h\u00e9sitez pas \u00e0 contacter Vincent Boisvert\u00a0<span class=\"x_x_MsoHyperlink\"><a id=\"LPlnk184277\" href=\"mailto:vincent.boisvert.cisssmc16@ssss.gouv.qc.ca\" target=\"_blank\" rel=\"noopener noreferrer\" data-auth=\"NotApplicable\">vincent.boisvert.cisssmc16@ssss.gouv.qc.ca<\/a><\/span><\/p>\n","protected":false},"excerpt":{"rendered":"<p>Depuis 1993, l\u2019Organisation des Nations Unies profite du mois de mars pour renforcer l\u2019importance de l\u2019eau douce. Puisque l\u2019eau potable est gratuite au Qu\u00e9bec, il est facile de tenir pour acquise cette ressource qui nous parait in\u00e9puisable. Toutefois, en mars &hellip; <a href=\"https:\/\/santemc.quebec\/icentre\/sensibilisons-nous-a-lutilisation-de-leau-potable\/\">Continuer la lecture <span class=\"meta-nav\">&rarr;<\/span><\/a><\/p>\n","protected":false},"author":1,"featured_media":0,"comment_status":"open","ping_status":"closed","sticky":false,"template":"","format":"standard","meta":{"footnotes":""},"categories":[1],"tags":[],"_links":{"self":[{"href":"https:\/\/santemc.quebec\/icentre\/wp-json\/wp\/v2\/posts\/194641"}],"collection":[{"href":"https:\/\/santemc.quebec\/icentre\/wp-json\/wp\/v2\/posts"}],"about":[{"href":"https:\/\/santemc.quebec\/icentre\/wp-json\/wp\/v2\/types\/post"}],"author":[{"embeddable":true,"href":"https:\/\/santemc.quebec\/icentre\/wp-json\/wp\/v2\/users\/1"}],"replies":[{"embeddable":true,"href":"https:\/\/santemc.quebec\/icentre\/wp-json\/wp\/v2\/comments?post=194641"}],"version-history":[{"count":1,"href":"https:\/\/santemc.quebec\/icentre\/wp-json\/wp\/v2\/posts\/194641\/revisions"}],"predecessor-version":[{"id":194643,"href":"https:\/\/santemc.quebec\/icentre\/wp-json\/wp\/v2\/posts\/194641\/revisions\/194643"}],"wp:attachment":[{"href":"https:\/\/santemc.quebec\/icentre\/wp-json\/wp\/v2\/media?parent=194641"}],"wp:term":[{"taxonomy":"category","embeddable":true,"href":"https:\/\/santemc.quebec\/icentre\/wp-json\/wp\/v2\/categories?post=194641"},{"taxonomy":"post_tag","embeddable":true,"href":"https:\/\/santemc.quebec\/icentre\/wp-json\/wp\/v2\/tags?post=194641"}],"curies":[{"name":"wp","href":"https:\/\/api.w.org\/{rel}","templated":true}]}}