{"id":194644,"date":"2021-03-24T19:23:42","date_gmt":"2021-03-24T23:23:42","guid":{"rendered":"http:\/\/santemc.quebec\/icentre\/?p=194644"},"modified":"2021-03-24T19:24:23","modified_gmt":"2021-03-24T23:24:23","slug":"semaine-des-travailleuses-sociales-et-des-travailleurs-sociaux","status":"publish","type":"post","link":"https:\/\/santemc.quebec\/icentre\/semaine-des-travailleuses-sociales-et-des-travailleurs-sociaux\/","title":{"rendered":"Semaine des travailleuses sociales et des travailleurs sociaux"},"content":{"rendered":"<p><a href=\"https:\/\/santemc.quebec\/santemc\/icentre\/wp-content\/uploads\/2021\/03\/1.jpg\"><img decoding=\"async\" loading=\"lazy\" class=\"size-medium wp-image-194645 aligncenter\" src=\"https:\/\/santemc.quebec\/santemc\/icentre\/wp-content\/uploads\/2021\/03\/1-300x169.jpg\" alt=\"\" width=\"300\" height=\"169\" srcset=\"https:\/\/santemc.quebec\/santemc\/icentre\/wp-content\/uploads\/2021\/03\/1-300x169.jpg 300w, https:\/\/santemc.quebec\/santemc\/icentre\/wp-content\/uploads\/2021\/03\/1.jpg 400w\" sizes=\"(max-width: 300px) 100vw, 300px\" \/><\/a><\/p>\n<p>La Semaine des travailleuses sociales et des travailleurs sociaux se d\u00e9roule du 21 au 27 mars. Voil\u00e0 l\u2019occasion de souligner le travail exceptionnel de ces professionnels de la sant\u00e9 et des services sociaux qui sont plus de 15\u00a0000 au Qu\u00e9bec.<!--more--><\/p>\n<p><strong>\u00a0<\/strong><strong>Des professionnels au c\u0153ur des services sociaux <\/strong><\/p>\n<p>Dans le contexte de la pand\u00e9mie, l\u2019expertise des travailleuses et travailleurs sociaux joue un r\u00f4le incontournable dans le r\u00e9seau de la sant\u00e9. En effet, de par leur r\u00f4le , ils interviennent notamment aupr\u00e8s d\u2019individus et de familles en vue de les aider \u00e0 r\u00e9soudre ou \u00e0 pr\u00e9venir des probl\u00e8mes d\u2019ordre personnel, familial ou social comme la violence, le suicide et la d\u00e9linquance.<\/p>\n<p>Au CISSS de la Mont\u00e9r\u00e9gie-Centre, ces professionnels sont pr\u00e9sents dans plusieurs sph\u00e8res d\u2019activit\u00e9. En voici quelques exemples : milieu hospitalier, CLSC, services jeunesse, sant\u00e9 mentale et d\u00e9pendances, soutien \u00e0 domicile, h\u00e9bergement pour personnes \u00e2g\u00e9es, d\u00e9ficiences, Info-Social, etc.<\/p>\n<p>Leur capacit\u00e9 d\u2019\u00e9coute, leur bienveillance et leur humanisme font d\u2019eux des professionnels pr\u00e9cieux dans notre organisation. En cette semaine qui leur est d\u00e9di\u00e9e, saisissons l\u2019occasion pour les saluer et les remercier de leur contribution de tous les instants.<\/p>\n<p><strong>Une campagne pour mieux faire connaitre le r\u00f4le des travailleuses et travailleurs sociaux<\/strong><\/p>\n<p>L\u2019Ordre des travailleurs sociaux et des th\u00e9rapeutes conjugaux et familiaux du Qu\u00e9bec profite de cette semaine pour faire rayonner cette profession. Pour en savoir plus sur cette campagne, vous pouvez consulter leur site\u00a0:<\/p>\n<p><a href=\"https:\/\/www1.otstcfq.org\/l-ordre\/evenements-et-campagnes\/semaine-des-travailleurs-sociaux\/\">https:\/\/www1.otstcfq.org\/l-ordre\/evenements-et-campagnes\/semaine-des-travailleurs-sociaux\/<\/a><\/p>\n","protected":false},"excerpt":{"rendered":"<p>La Semaine des travailleuses sociales et des travailleurs sociaux se d\u00e9roule du 21 au 27 mars. Voil\u00e0 l\u2019occasion de souligner le travail exceptionnel de ces professionnels de la sant\u00e9 et des services sociaux qui sont plus de 15\u00a0000 au Qu\u00e9bec.<\/p>\n","protected":false},"author":1,"featured_media":0,"comment_status":"open","ping_status":"closed","sticky":false,"template":"","format":"standard","meta":{"footnotes":""},"categories":[1],"tags":[],"_links":{"self":[{"href":"https:\/\/santemc.quebec\/icentre\/wp-json\/wp\/v2\/posts\/194644"}],"collection":[{"href":"https:\/\/santemc.quebec\/icentre\/wp-json\/wp\/v2\/posts"}],"about":[{"href":"https:\/\/santemc.quebec\/icentre\/wp-json\/wp\/v2\/types\/post"}],"author":[{"embeddable":true,"href":"https:\/\/santemc.quebec\/icentre\/wp-json\/wp\/v2\/users\/1"}],"replies":[{"embeddable":true,"href":"https:\/\/santemc.quebec\/icentre\/wp-json\/wp\/v2\/comments?post=194644"}],"version-history":[{"count":2,"href":"https:\/\/santemc.quebec\/icentre\/wp-json\/wp\/v2\/posts\/194644\/revisions"}],"predecessor-version":[{"id":194648,"href":"https:\/\/santemc.quebec\/icentre\/wp-json\/wp\/v2\/posts\/194644\/revisions\/194648"}],"wp:attachment":[{"href":"https:\/\/santemc.quebec\/icentre\/wp-json\/wp\/v2\/media?parent=194644"}],"wp:term":[{"taxonomy":"category","embeddable":true,"href":"https:\/\/santemc.quebec\/icentre\/wp-json\/wp\/v2\/categories?post=194644"},{"taxonomy":"post_tag","embeddable":true,"href":"https:\/\/santemc.quebec\/icentre\/wp-json\/wp\/v2\/tags?post=194644"}],"curies":[{"name":"wp","href":"https:\/\/api.w.org\/{rel}","templated":true}]}}