{"id":194807,"date":"2021-04-01T17:43:24","date_gmt":"2021-04-01T21:43:24","guid":{"rendered":"http:\/\/santemc.quebec\/icentre\/?p=194807"},"modified":"2021-04-01T17:43:24","modified_gmt":"2021-04-01T21:43:24","slug":"boutique-de-recrutement-un-record-dentrevues-realisees-en-3-jours","status":"publish","type":"post","link":"https:\/\/santemc.quebec\/icentre\/boutique-de-recrutement-un-record-dentrevues-realisees-en-3-jours\/","title":{"rendered":"Boutique de recrutement : un record d\u2019entrevues r\u00e9alis\u00e9es en 3 jours!"},"content":{"rendered":"<p><a href=\"https:\/\/santemc.quebec\/santemc\/icentre\/wp-content\/uploads\/2021\/04\/Sans-titre.png\"><img decoding=\"async\" loading=\"lazy\" class=\"alignleft size-medium wp-image-194808\" src=\"https:\/\/santemc.quebec\/santemc\/icentre\/wp-content\/uploads\/2021\/04\/Sans-titre-300x142.png\" alt=\"\" width=\"300\" height=\"142\" srcset=\"https:\/\/santemc.quebec\/santemc\/icentre\/wp-content\/uploads\/2021\/04\/Sans-titre-300x142.png 300w, https:\/\/santemc.quebec\/santemc\/icentre\/wp-content\/uploads\/2021\/04\/Sans-titre-1024x484.png 1024w, https:\/\/santemc.quebec\/santemc\/icentre\/wp-content\/uploads\/2021\/04\/Sans-titre-768x363.png 768w, https:\/\/santemc.quebec\/santemc\/icentre\/wp-content\/uploads\/2021\/04\/Sans-titre-1536x726.png 1536w, https:\/\/santemc.quebec\/santemc\/icentre\/wp-content\/uploads\/2021\/04\/Sans-titre-500x236.png 500w, https:\/\/santemc.quebec\/santemc\/icentre\/wp-content\/uploads\/2021\/04\/Sans-titre.png 1717w\" sizes=\"(max-width: 300px) 100vw, 300px\" \/><\/a>La popularit\u00e9 de notre \u00e9v\u00e9nement-phare de recrutement, la boutique \u00e9ph\u00e9m\u00e8re, ne se d\u00e9ment pas. La 5e \u00e9dition qui a eu lieu les 26-27-28 mars (la 3e en mode virtuel) a su attirer pas moins de 470 candidats qui ont rempli le formulaire d\u2019inscription en ligne. De ce nombre, 254 ont \u00e9t\u00e9 retenus pour une entrevue en vid\u00e9oconf\u00e9rence. Il s\u2019agit d\u2019un record d\u2019entrevues depuis la cr\u00e9ation du concept de boutique \u00e9ph\u00e9m\u00e8re en 2018.<!--more--><\/p>\n<p>Ils sont 164 candidats \u00e0 avoir pass\u00e9 avec succ\u00e8s l\u2019\u00e9tape des entrevues. Ce nombre pourrait encore augmenter, car des pr\u00e9cisions sont \u00e0 venir pour une vingtaine de candidats.<\/p>\n<p>Gr\u00e2ce \u00e0 une campagne publicitaire pertinente et renouvel\u00e9e, un nouveau site Web invitant et une logistique am\u00e9lior\u00e9e du traitement de chaque candidature, cette 5e boutique \u00e9ph\u00e9m\u00e8re a r\u00e9ussi \u00e0 surpasser les \u00e9ditions pr\u00e9c\u00e9dentes.<\/p>\n<p>En terminant, il faut souligner l\u2019implication et le d\u00e9vouement des membres de l\u2019\u00e9quipe de la dotation externe qui ont encore une fois r\u00e9alis\u00e9 l\u2019exploit de trier de nombreuses candidatures et d\u2019organiser des centaines d\u2019entrevues \u00e0 l\u2019int\u00e9rieur de courts d\u00e9lais. Merci aussi aux autres membres des \u00e9quipes des ressources humaines et des communications de m\u00eame qu\u2019aux 27 gestionnaires provenant de secteurs vari\u00e9s du CISSSMC qui ont pris de leur temps pour rencontrer les candidats durant les trois jours de l\u2019\u00e9v\u00e9nement.<\/p>\n<p>Merci et bravo \u00e0 tous et \u00e0 toutes!<\/p>\n","protected":false},"excerpt":{"rendered":"<p>La popularit\u00e9 de notre \u00e9v\u00e9nement-phare de recrutement, la boutique \u00e9ph\u00e9m\u00e8re, ne se d\u00e9ment pas. La 5e \u00e9dition qui a eu lieu les 26-27-28 mars (la 3e en mode virtuel) a su attirer pas moins de 470 candidats qui ont rempli &hellip; <a href=\"https:\/\/santemc.quebec\/icentre\/boutique-de-recrutement-un-record-dentrevues-realisees-en-3-jours\/\">Continuer la lecture <span class=\"meta-nav\">&rarr;<\/span><\/a><\/p>\n","protected":false},"author":1,"featured_media":0,"comment_status":"open","ping_status":"closed","sticky":false,"template":"","format":"standard","meta":{"footnotes":""},"categories":[1],"tags":[],"_links":{"self":[{"href":"https:\/\/santemc.quebec\/icentre\/wp-json\/wp\/v2\/posts\/194807"}],"collection":[{"href":"https:\/\/santemc.quebec\/icentre\/wp-json\/wp\/v2\/posts"}],"about":[{"href":"https:\/\/santemc.quebec\/icentre\/wp-json\/wp\/v2\/types\/post"}],"author":[{"embeddable":true,"href":"https:\/\/santemc.quebec\/icentre\/wp-json\/wp\/v2\/users\/1"}],"replies":[{"embeddable":true,"href":"https:\/\/santemc.quebec\/icentre\/wp-json\/wp\/v2\/comments?post=194807"}],"version-history":[{"count":1,"href":"https:\/\/santemc.quebec\/icentre\/wp-json\/wp\/v2\/posts\/194807\/revisions"}],"predecessor-version":[{"id":194809,"href":"https:\/\/santemc.quebec\/icentre\/wp-json\/wp\/v2\/posts\/194807\/revisions\/194809"}],"wp:attachment":[{"href":"https:\/\/santemc.quebec\/icentre\/wp-json\/wp\/v2\/media?parent=194807"}],"wp:term":[{"taxonomy":"category","embeddable":true,"href":"https:\/\/santemc.quebec\/icentre\/wp-json\/wp\/v2\/categories?post=194807"},{"taxonomy":"post_tag","embeddable":true,"href":"https:\/\/santemc.quebec\/icentre\/wp-json\/wp\/v2\/tags?post=194807"}],"curies":[{"name":"wp","href":"https:\/\/api.w.org\/{rel}","templated":true}]}}