{"id":194872,"date":"2021-04-06T16:19:49","date_gmt":"2021-04-06T20:19:49","guid":{"rendered":"http:\/\/santemc.quebec\/icentre\/?p=194872"},"modified":"2021-04-06T16:19:49","modified_gmt":"2021-04-06T20:19:49","slug":"les-personnes-agees-de-60-ans-et-plus-invitees-a-se-faire-vacciner","status":"publish","type":"post","link":"https:\/\/santemc.quebec\/icentre\/les-personnes-agees-de-60-ans-et-plus-invitees-a-se-faire-vacciner\/","title":{"rendered":"Les personnes \u00e2g\u00e9es de 60 ans et plus invit\u00e9es \u00e0 se faire vacciner"},"content":{"rendered":"<p>Communiqu\u00e9 de presse de la Direction de sant\u00e9 publique diffus\u00e9 aujourd&rsquo;hui.<\/p>\n<p>Longueuil, le 6 avril 2021 \u2013 La campagne de vaccination contre la COVID continue de progresser en Mont\u00e9r\u00e9gie. C\u2019est maintenant au tour des personnes \u00e2g\u00e9es de 60 ans et plus (n\u00e9es en 1961 ou avant) \u00e0 \u00eatre invit\u00e9es \u00e0 prendre rendez-vous pour se faire vacciner.<!--more--><\/p>\n<p>La fa\u00e7on la plus simple, c\u2019est de prendre rendez-vous sur le web \u00e0 l\u2019adresse:\u00a0<a class=\"is-external is-new-window\" href=\"https:\/\/xn--qubec-csa.ca\/vaccinCOVID\" target=\"_blank\" rel=\"noopener noreferrer\">Qu\u00e9bec.ca\/vaccinCOVID<\/a>. Les gens qui n\u2019ont pas acc\u00e8s \u00e0 Internet ou qui \u00e9prouvent des difficult\u00e9s \u00e0 l\u2019utiliser peuvent composer le 1 877 644-4545 pour recevoir du soutien.<\/p>\n<p>\u00ab Depuis le d\u00e9but de la campagne, plus de 214 011 Mont\u00e9r\u00e9giens se sont fait vacciner contre la COVID. C\u2019est encourageant, car c\u2019est vraiment la vaccination qui nous permettra de retrouver une vie normale\u00bb, indique Dre Julie Loslier, directrice de sant\u00e9 publique de la Mont\u00e9r\u00e9gie.<\/p>\n<p>\u00ab Actuellement, malgr\u00e9 les avanc\u00e9es de la vaccination, nous devons demeurer prudents \u00e0 cause de la circulation de variants plus contagieux qui sont de plus en plus pr\u00e9sents en Mont\u00e9r\u00e9gie et ailleurs au Qu\u00e9bec, poursuit-elle. Le respect des consignes de sant\u00e9 publique nous \u00e9vitera de devoir adopter des mesures plus contraignantes pour contenir la transmission de la maladie. Nous sommes tout \u00e0 fait conscients des impacts de ces restrictions sur la sant\u00e9 mentale et c\u2019est pour cette raison que nous demandons aux gens d\u2019\u00eatre solidaires afin que nous puissions sortir de cette crise le plus rapidement possible. \u00bb<\/p>\n<p>Pour plus d\u2019information sur la COVID en Mont\u00e9r\u00e9gie, nous vous invitons \u00e0 consulter le portail\u00a0<a class=\"is-new-window\" href=\"https:\/\/www.santemonteregie.qc.ca\/conseils-sante\/coronavirus-covid-19\" target=\"_blank\" rel=\"noopener noreferrer\">https:\/\/www.santemonteregie.qc.ca\/conseils-sante\/coronavirus-covid-19<\/a>. La sant\u00e9 publique publie chaque semaine des informations ainsi que des donn\u00e9es sur la pand\u00e9mie sur sa page Facebook que vous pouvez consulter \u00e0 l\u2019adresse suivante :\u00a0<a class=\"is-external is-new-window\" href=\"https:\/\/www.facebook.com\/DSPMonteregie\/\" target=\"_blank\" rel=\"noopener noreferrer\">https:\/\/www.facebook.com\/DSPMonteregie\/<\/a><\/p>\n","protected":false},"excerpt":{"rendered":"<p>Communiqu\u00e9 de presse de la Direction de sant\u00e9 publique diffus\u00e9 aujourd&rsquo;hui. Longueuil, le 6 avril 2021 \u2013 La campagne de vaccination contre la COVID continue de progresser en Mont\u00e9r\u00e9gie. C\u2019est maintenant au tour des personnes \u00e2g\u00e9es de 60 ans et &hellip; <a href=\"https:\/\/santemc.quebec\/icentre\/les-personnes-agees-de-60-ans-et-plus-invitees-a-se-faire-vacciner\/\">Continuer la lecture <span class=\"meta-nav\">&rarr;<\/span><\/a><\/p>\n","protected":false},"author":1,"featured_media":0,"comment_status":"open","ping_status":"closed","sticky":false,"template":"","format":"standard","meta":{"footnotes":""},"categories":[1],"tags":[],"_links":{"self":[{"href":"https:\/\/santemc.quebec\/icentre\/wp-json\/wp\/v2\/posts\/194872"}],"collection":[{"href":"https:\/\/santemc.quebec\/icentre\/wp-json\/wp\/v2\/posts"}],"about":[{"href":"https:\/\/santemc.quebec\/icentre\/wp-json\/wp\/v2\/types\/post"}],"author":[{"embeddable":true,"href":"https:\/\/santemc.quebec\/icentre\/wp-json\/wp\/v2\/users\/1"}],"replies":[{"embeddable":true,"href":"https:\/\/santemc.quebec\/icentre\/wp-json\/wp\/v2\/comments?post=194872"}],"version-history":[{"count":1,"href":"https:\/\/santemc.quebec\/icentre\/wp-json\/wp\/v2\/posts\/194872\/revisions"}],"predecessor-version":[{"id":194873,"href":"https:\/\/santemc.quebec\/icentre\/wp-json\/wp\/v2\/posts\/194872\/revisions\/194873"}],"wp:attachment":[{"href":"https:\/\/santemc.quebec\/icentre\/wp-json\/wp\/v2\/media?parent=194872"}],"wp:term":[{"taxonomy":"category","embeddable":true,"href":"https:\/\/santemc.quebec\/icentre\/wp-json\/wp\/v2\/categories?post=194872"},{"taxonomy":"post_tag","embeddable":true,"href":"https:\/\/santemc.quebec\/icentre\/wp-json\/wp\/v2\/tags?post=194872"}],"curies":[{"name":"wp","href":"https:\/\/api.w.org\/{rel}","templated":true}]}}