{"id":195965,"date":"2021-05-27T13:31:28","date_gmt":"2021-05-27T17:31:28","guid":{"rendered":"https:\/\/santemc.quebec\/icentre\/?p=195965"},"modified":"2021-05-28T08:51:25","modified_gmt":"2021-05-28T12:51:25","slug":"le-mois-de-louie-et-de-la-communication-orthophonistes-et-audiologistes-des-acteurs-incontournables","status":"publish","type":"post","link":"https:\/\/santemc.quebec\/icentre\/le-mois-de-louie-et-de-la-communication-orthophonistes-et-audiologistes-des-acteurs-incontournables\/","title":{"rendered":"Le Mois de l\u2019ou\u00efe et de la communication : orthophonistes et audiologistes, des acteurs incontournables"},"content":{"rendered":"<p class=\"x_x_xmsonormal\"><a href=\"https:\/\/santemc.quebec\/santemc\/icentre\/wp-content\/uploads\/2021\/05\/6ace9ca951d60bf17a867fd3df6202a35606c8fa.png\"><img decoding=\"async\" loading=\"lazy\" class=\"alignleft size-medium wp-image-195968\" src=\"https:\/\/santemc.quebec\/santemc\/icentre\/wp-content\/uploads\/2021\/05\/6ace9ca951d60bf17a867fd3df6202a35606c8fa-300x111.png\" alt=\"\" width=\"300\" height=\"111\" srcset=\"https:\/\/santemc.quebec\/santemc\/icentre\/wp-content\/uploads\/2021\/05\/6ace9ca951d60bf17a867fd3df6202a35606c8fa-300x111.png 300w, https:\/\/santemc.quebec\/santemc\/icentre\/wp-content\/uploads\/2021\/05\/6ace9ca951d60bf17a867fd3df6202a35606c8fa-768x283.png 768w, https:\/\/santemc.quebec\/santemc\/icentre\/wp-content\/uploads\/2021\/05\/6ace9ca951d60bf17a867fd3df6202a35606c8fa-500x184.png 500w, https:\/\/santemc.quebec\/santemc\/icentre\/wp-content\/uploads\/2021\/05\/6ace9ca951d60bf17a867fd3df6202a35606c8fa.png 928w\" sizes=\"(max-width: 300px) 100vw, 300px\" \/><\/a>La pand\u00e9mie de COVID-19 est une situation exceptionnelle\u00a0qui nous a mis au d\u00e9fi notamment sur le plan de la communication avec nos proches. Malgr\u00e9\u00a0la distanciation sociale, les plexiglass et\u00a0le port du masque,\u00a0les gens trouvent toujours des moyens ing\u00e9nieux de rester connect\u00e9s les uns aux autres, de s\u2019informer et de briser l\u2019isolement. <!--more--><\/p>\n<p class=\"x_x_xmsonormal\">Le Mois de l\u2019ou\u00efe et de la communication, qui se d\u00e9roule tout au long du mois de mai, est l\u2019occasion de sensibiliser la population sur l\u2019importance de mettre en place des initiatives pour que tous les individus ayant des difficult\u00e9s de communication, petits ou grands, puissent avoir acc\u00e8s \u00e0 un soutien appropri\u00e9s. Ainsi que de faire la promotion de ces deux professions parfois m\u00e9connues.<\/p>\n<p class=\"x_x_xmsonormal\">Dans le contexte actuel, les orthophonistes et les audiologistes jouent un r\u00f4le de premier plan\u00a0dans la pr\u00e9vention, l\u2019\u00e9valuation, la r\u00e9\u00e9ducation et le maintien\u00a0de\u00a0l\u2019audition et de la communication chez les enfants, les adultes et les personnes \u00e2g\u00e9es. Malgr\u00e9 les d\u00e9fis impos\u00e9s par la pand\u00e9mie, ils r\u00e9ussissent \u00e0 am\u00e9liorer \u00e9galement la qualit\u00e9 de vie des familles en offrant aux proches des conseils et du soutien pour faciliter les \u00e9changes et\u00a0favoriser\u00a0l\u2019int\u00e9gration dans les activit\u00e9s familiales, scolaires, professionnelles et sociales.<\/p>\n<p class=\"x_x_xmsonormal\"><b>Que font les audiologistes et les orthophonistes du CISSSMC?<\/b><\/p>\n<p class=\"x_x_xmsonormal\">Au CISSS de la Mont\u00e9r\u00e9gie-Centre, les orthophonistes et les audiologistes font b\u00e9n\u00e9ficier notre client\u00e8le de leur expertise, dans diff\u00e9rents milieux de soins et de vie (h\u00f4pital, CHSLD, CLSC, h\u00f4pital de jour, GMF, etc.).\u00a0Leurs r\u00f4les sont multiples et vari\u00e9s selon les milieux. En voici quelques-uns :<\/p>\n<p class=\"x_x_xmsonormal\"><b>Audiologistes<\/b><\/p>\n<ul type=\"disc\">\n<li class=\"x_x_MsoNormal\">D\u00e9tecter les probl\u00e8mes d&rsquo;audition chez les nouveau-n\u00e9s et les enfants et faire les recommandations appropri\u00e9es.<\/li>\n<li class=\"x_x_MsoNormal\">Identifier et faire des recommandations adapt\u00e9es aux personnes de tous \u00e2ges vivant avec des pertes auditives ou des probl\u00e9matiques li\u00e9es \u00e0 l&rsquo;audition et \u00e0 l&rsquo;\u00e9quilibre.<\/li>\n<li class=\"x_x_MsoNormal\">Travailler notamment avec les personnes \u00e2g\u00e9es qui vivent une baisse de l&rsquo;audition et qui commencent \u00e0 utiliser des appareils auditifs et autres dispositifs d\u2019\u00e9coute assist\u00e9e.<\/li>\n<\/ul>\n<p class=\"x_x_xmsonormal\"><b>Orthophonistes<\/b><\/p>\n<ul type=\"disc\">\n<li class=\"x_x_MsoNormal\">Intervenir en pr\u00e9vention, \u00e9valuation et r\u00e9\u00e9ducation des enfants pr\u00e9scolaires pr\u00e9sentant des difficult\u00e9s de la parole, du langage, de la communication et d&rsquo;apprentissage dans le cadre du programme\u00a0<i>Agir t\u00f4t<\/i>.<\/li>\n<li class=\"x_x_MsoNormal\">\u00c9valuer la parole (voix, articulation, r\u00e9sonance), la communication et\/ou la d\u00e9glutition des adultes et a\u00een\u00e9s hospitalis\u00e9s \u00e0 la suite d&rsquo;un accident vasculaire c\u00e9r\u00e9bral, une maladie neurod\u00e9g\u00e9n\u00e9rative, un trouble neurocognitif, des pneumonies chroniques, etc.<\/li>\n<li class=\"x_x_MsoNormal\">D\u00e9velopper les capacit\u00e9s de communication chez les enfants pr\u00e9sentant une d\u00e9ficience auditive, intellectuelle et\/ou un trouble du spectre de l\u2019autisme.<\/li>\n<\/ul>\n<p class=\"x_x_xmsonormal\">Ce ne sont l\u00e0 qu&rsquo;une infime partie du travail de ces professionnels qui travaillent dans notre organisation. Pour vous familiariser et en apprendre plus sur des initiatives locales ainsi que pour comprendre la r\u00e9alit\u00e9 des personnes aux prises avec des troubles de l\u2019audition ou de communication, vous pouvez visiter la page Facebook de l\u2019Ordre des orthophonistes et audiologistes du Qu\u00e9bec sur laquelle vous seront pr\u00e9sent\u00e9es des personnes inspirantes aux parcours diff\u00e9rents et souvent parsem\u00e9s d\u2019emb\u00fbches, tout au long du mois de mai. Le contenu d\u00e9voile avant tout des histoires positives, touchantes et parfois m\u00eame cocasses!<\/p>\n","protected":false},"excerpt":{"rendered":"<p>La pand\u00e9mie de COVID-19 est une situation exceptionnelle\u00a0qui nous a mis au d\u00e9fi notamment sur le plan de la communication avec nos proches. Malgr\u00e9\u00a0la distanciation sociale, les plexiglass et\u00a0le port du masque,\u00a0les gens trouvent toujours des moyens ing\u00e9nieux de rester &hellip; <a href=\"https:\/\/santemc.quebec\/icentre\/le-mois-de-louie-et-de-la-communication-orthophonistes-et-audiologistes-des-acteurs-incontournables\/\">Continuer la lecture <span class=\"meta-nav\">&rarr;<\/span><\/a><\/p>\n","protected":false},"author":1,"featured_media":0,"comment_status":"open","ping_status":"closed","sticky":false,"template":"","format":"standard","meta":{"footnotes":""},"categories":[1],"tags":[],"_links":{"self":[{"href":"https:\/\/santemc.quebec\/icentre\/wp-json\/wp\/v2\/posts\/195965"}],"collection":[{"href":"https:\/\/santemc.quebec\/icentre\/wp-json\/wp\/v2\/posts"}],"about":[{"href":"https:\/\/santemc.quebec\/icentre\/wp-json\/wp\/v2\/types\/post"}],"author":[{"embeddable":true,"href":"https:\/\/santemc.quebec\/icentre\/wp-json\/wp\/v2\/users\/1"}],"replies":[{"embeddable":true,"href":"https:\/\/santemc.quebec\/icentre\/wp-json\/wp\/v2\/comments?post=195965"}],"version-history":[{"count":3,"href":"https:\/\/santemc.quebec\/icentre\/wp-json\/wp\/v2\/posts\/195965\/revisions"}],"predecessor-version":[{"id":196142,"href":"https:\/\/santemc.quebec\/icentre\/wp-json\/wp\/v2\/posts\/195965\/revisions\/196142"}],"wp:attachment":[{"href":"https:\/\/santemc.quebec\/icentre\/wp-json\/wp\/v2\/media?parent=195965"}],"wp:term":[{"taxonomy":"category","embeddable":true,"href":"https:\/\/santemc.quebec\/icentre\/wp-json\/wp\/v2\/categories?post=195965"},{"taxonomy":"post_tag","embeddable":true,"href":"https:\/\/santemc.quebec\/icentre\/wp-json\/wp\/v2\/tags?post=195965"}],"curies":[{"name":"wp","href":"https:\/\/api.w.org\/{rel}","templated":true}]}}