{"id":196123,"date":"2021-05-27T13:36:27","date_gmt":"2021-05-27T17:36:27","guid":{"rendered":"https:\/\/santemc.quebec\/icentre\/?p=196123"},"modified":"2021-05-27T13:45:25","modified_gmt":"2021-05-27T17:45:25","slug":"flash-ca-les-nouvelles-de-la-seance-du-conseil-dadministration-du-2-fevrier-2017-copy-copy-copy-copy-copy-copy-copy-copy-copy-copy-copy-copy-copy-copy-copy-copy-copy-copy-copy-copy-copy-copy-copy","status":"publish","type":"post","link":"https:\/\/santemc.quebec\/icentre\/flash-ca-les-nouvelles-de-la-seance-du-conseil-dadministration-du-2-fevrier-2017-copy-copy-copy-copy-copy-copy-copy-copy-copy-copy-copy-copy-copy-copy-copy-copy-copy-copy-copy-copy-copy-copy-copy\/","title":{"rendered":"Flash CA \u2013 Les nouvelles de la s\u00e9ance du conseil d\u2019administration du 13 mai"},"content":{"rendered":"<p><strong><img decoding=\"async\" loading=\"lazy\" class=\"alignleft wp-image-1416 size-thumbnail\" src=\"http:\/\/santemc.quebec\/santemc\/icentre\/wp-content\/uploads\/2015\/12\/flashcaicentre-150x150.jpg\" alt=\"flashcaicentre\" width=\"150\" height=\"150\" srcset=\"https:\/\/santemc.quebec\/santemc\/icentre\/wp-content\/uploads\/2015\/12\/flashcaicentre-150x150.jpg 150w, https:\/\/santemc.quebec\/santemc\/icentre\/wp-content\/uploads\/2015\/12\/flashcaicentre-300x300.jpg 300w, https:\/\/santemc.quebec\/santemc\/icentre\/wp-content\/uploads\/2015\/12\/flashcaicentre.jpg 400w\" sizes=\"(max-width: 150px) 100vw, 150px\" \/><\/strong>Le Flash CA revient sur les points d&rsquo;information et les grands dossiers organisationnels qui sont discut\u00e9s aux s\u00e9ances publiques du conseil d\u2019administration du CISSS de la Mont\u00e9r\u00e9gie-Centre.<\/p>\n<p>Consultez aussi la <a href=\"https:\/\/santemc.quebec\/santemc\/icentre\/wp-content\/uploads\/2021\/05\/flashCA_20210513.pdf\" target=\"_blank\" rel=\"noopener\">version PDF du Flash CA<\/a>.<\/p>\n<p><!--more--><\/p>\n<p><strong style=\"color: #ff6600;\">AFFAIRES COURANTES<\/strong><\/p>\n<p><strong>R\u00e8gles de gouvernance<br \/>\n<\/strong><\/p>\n<p>Les politiques suivantes ont \u00e9t\u00e9 approuv\u00e9es\u00a0:<\/p>\n<ul>\n<li>Politique sur la gestion des r\u00e8glements;<\/li>\n<li>R\u00e9vision de la Politique sur les soins de fin de vie;<\/li>\n<li>R\u00e9vision de la Politique visant \u00e0 lutter contre la maltraitance envers les a\u00een\u00e9s et toute autre personne majeure en situation de vuln\u00e9rabilit\u00e9;<\/li>\n<li>R\u00e9vision de la politique sur la v\u00e9rification des ant\u00e9c\u00e9dents judiciaires de toute personne d\u00e9sirant exercer des fonctions ou sa profession au sein du CISSS de la Mont\u00e9r\u00e9gie-Centre.<\/li>\n<\/ul>\n<p><strong>Conseil des m\u00e9decins, dentistes et pharmaciens (CMDP)<\/strong><\/p>\n<p>Sur recommandation du comit\u00e9 ex\u00e9cutif du CMDP, le conseil a :<\/p>\n<ul>\n<li>nomm\u00e9 5 m\u00e9decins omnipraticiens et 8 m\u00e9decins sp\u00e9cialistes;<\/li>\n<li>modifi\u00e9 les statuts ou privil\u00e8ges de pratique de 6 membres du CMDP;<\/li>\n<li>pris acte des demandes de cong\u00e9 de service de 3 membres du CMDP et du d\u00e9part de 8\u00a0membres du CMDP.<\/li>\n<\/ul>\n<p><strong>Nominations<\/strong><\/p>\n<p>Le conseil a nomm\u00e9\u00a0:<\/p>\n<ul>\n<li>Dr Jean-Fran\u00e7ois Cloutier \u00e0 titre de chef de d\u00e9partement de chirurgie;<\/li>\n<li>deux membres substituts au comit\u00e9 de r\u00e9vision.<\/li>\n<\/ul>\n<p><strong>Autres approbations<\/strong><\/p>\n<ul>\n<li>Nominations au registre des signataires autoris\u00e9s de la R\u00e9gie de l\u2019assurance maladie du Qu\u00e9bec (RAMQ);<\/li>\n<li>Changement d\u2019autorisateurs aupr\u00e8s de la RAMQ pour les optom\u00e9tristes de l\u2019Institut Nazareth et Louis-Braille (INLB);<\/li>\n<li>Reconduction du mandat de membres au sein du comit\u00e9 d\u2019\u00e9thique de la recherche (CER) du CISSS de la Mont\u00e9r\u00e9gie-Centre;<\/li>\n<li>Renouvellement de l\u2019entente de d\u00e9l\u00e9gation et d\u2019endossement quant \u00e0 l\u2019utilisation des services du CER du CISSS de la Mont\u00e9r\u00e9gie-Centre par le CISSS de la Mont\u00e9r\u00e9gie-Est;<\/li>\n<li>Calendrier des s\u00e9ances publiques du conseil d\u2019administration pour la p\u00e9riode de septembre 2021 \u00e0 juin 2022.<\/li>\n<\/ul>\n<p><strong>Rapport<\/strong><\/p>\n<p>Le rapport annuel des mises sous garde a \u00e9t\u00e9 pr\u00e9sent\u00e9 au conseil d\u2019administration.<\/p>\n<p><b>Motion de f\u00e9licitations<\/b><\/p>\n<p>Le conseil a \u00e9mis une motion de f\u00e9licitations \u00e0 Dre Maryse Guay, m\u00e9decin sp\u00e9cialiste \u00e0 la Direction de la sant\u00e9 publique de la Mont\u00e9r\u00e9gie, directrice scientifique du Centre de recherche Charles-Le Moyne\u2013Saguenay\u2013Lac-Saint-Jean sur les innovations en sant\u00e9 (CR-CSIS) et professeure titulaire \u00e0 la Facult\u00e9 de m\u00e9decine et des sciences de la sant\u00e9, d\u00e9partement des sciences de la sant\u00e9 communautaire \u00e0 l\u2019Universit\u00e9 de Sherbrooke, pour son prix hommage de l&rsquo;Association des sp\u00e9cialistes en m\u00e9decine pr\u00e9ventive du Qu\u00e9bec (ASMPQ) 2021.<\/p>\n<p>Prochaine s\u00e9ance du conseil<br \/>\nLe 15 juin 2021, \u00e0 17 h.<\/p>\n","protected":false},"excerpt":{"rendered":"<p>Le Flash CA revient sur les points d&rsquo;information et les grands dossiers organisationnels qui sont discut\u00e9s aux s\u00e9ances publiques du conseil d\u2019administration du CISSS de la Mont\u00e9r\u00e9gie-Centre. Consultez aussi la version PDF du Flash CA.<\/p>\n","protected":false},"author":1,"featured_media":0,"comment_status":"open","ping_status":"closed","sticky":false,"template":"","format":"standard","meta":{"footnotes":""},"categories":[49],"tags":[51],"_links":{"self":[{"href":"https:\/\/santemc.quebec\/icentre\/wp-json\/wp\/v2\/posts\/196123"}],"collection":[{"href":"https:\/\/santemc.quebec\/icentre\/wp-json\/wp\/v2\/posts"}],"about":[{"href":"https:\/\/santemc.quebec\/icentre\/wp-json\/wp\/v2\/types\/post"}],"author":[{"embeddable":true,"href":"https:\/\/santemc.quebec\/icentre\/wp-json\/wp\/v2\/users\/1"}],"replies":[{"embeddable":true,"href":"https:\/\/santemc.quebec\/icentre\/wp-json\/wp\/v2\/comments?post=196123"}],"version-history":[{"count":4,"href":"https:\/\/santemc.quebec\/icentre\/wp-json\/wp\/v2\/posts\/196123\/revisions"}],"predecessor-version":[{"id":196128,"href":"https:\/\/santemc.quebec\/icentre\/wp-json\/wp\/v2\/posts\/196123\/revisions\/196128"}],"wp:attachment":[{"href":"https:\/\/santemc.quebec\/icentre\/wp-json\/wp\/v2\/media?parent=196123"}],"wp:term":[{"taxonomy":"category","embeddable":true,"href":"https:\/\/santemc.quebec\/icentre\/wp-json\/wp\/v2\/categories?post=196123"},{"taxonomy":"post_tag","embeddable":true,"href":"https:\/\/santemc.quebec\/icentre\/wp-json\/wp\/v2\/tags?post=196123"}],"curies":[{"name":"wp","href":"https:\/\/api.w.org\/{rel}","templated":true}]}}