{"id":196134,"date":"2021-09-02T09:25:18","date_gmt":"2021-09-02T13:25:18","guid":{"rendered":"https:\/\/santemc.quebec\/icentre\/?p=196134"},"modified":"2022-01-11T08:56:31","modified_gmt":"2022-01-11T13:56:31","slug":"nouvel-intranet-du-cisssmc-une-nouvelle-infolettre-i-centre-des-la-semaine-prochaine","status":"publish","type":"post","link":"https:\/\/santemc.quebec\/icentre\/nouvel-intranet-du-cisssmc-une-nouvelle-infolettre-i-centre-des-la-semaine-prochaine\/","title":{"rendered":"Intranet du CISSSMC : Une nouvelle infolettre i-Centre \u00e0 venir en janvier!"},"content":{"rendered":"<p><a href=\"https:\/\/santemc.quebec\/santemc\/icentre\/wp-content\/uploads\/2021\/04\/enfin.png\"><img decoding=\"async\" loading=\"lazy\" class=\"alignleft size-medium wp-image-195609\" src=\"https:\/\/santemc.quebec\/santemc\/icentre\/wp-content\/uploads\/2021\/04\/enfin-300x177.png\" alt=\"\" width=\"300\" height=\"177\" srcset=\"https:\/\/santemc.quebec\/santemc\/icentre\/wp-content\/uploads\/2021\/04\/enfin-300x177.png 300w, https:\/\/santemc.quebec\/santemc\/icentre\/wp-content\/uploads\/2021\/04\/enfin.png 323w\" sizes=\"(max-width: 300px) 100vw, 300px\" \/><\/a><\/p>\n<p>Depuis le printemps dernier, tous les employ\u00e9s et m\u00e9decins du CISSS de la Mont\u00e9r\u00e9gie-Centre ont acc\u00e8s \u00e0 la nouvelle plateforme intranet disponible au <a href=\"https:\/\/intranetcisssmc.ca\/\" target=\"_blank\" rel=\"noopener noreferrer\" data-auth=\"NotApplicable\" data-linkindex=\"0\">https:\/\/intranetcisssmc.ca<\/a>. Vous \u00eates d&rsquo;ailleurs de plus en plus nombreux \u00e0 l&rsquo;utiliser! Quotidiennement, c&rsquo;est plus de 2 000 pages qui sont consult\u00e9es par les employ\u00e9s.<\/p>\n<p>Nous poursuivons le d\u00e9ploiement de l&rsquo;intranet dans notre CISSS afin d&rsquo;am\u00e9liorer nos fa\u00e7ons de communiquer avec vous.<!--more--><\/p>\n<p><b>Nouvelle infolettre<br \/>\n<\/b>\u00c0 compter de la semaine du 17 janvier, vous recevrez dans votre boite courriel une nouvelle version de l&rsquo;infolettre i-Centre qui sera compl\u00e9mentaire au nouvel intranet. En effet, en plus des actualit\u00e9s que vous retrouvez habituellement dans le i-Centre, vous pourrez d\u00e9sormais y consulter les notes de services diffus\u00e9es dans la journ\u00e9e. Chaque nouvelle et chaque note de service sera accompagn\u00e9 d&rsquo;un lien qui vous m\u00e8nera vers l&rsquo;intranet.<\/p>\n<p><strong>\u00c0 venir : moins de courriels!<\/strong><br \/>\nDe plus, dans quelques semaines, la plupart des notes de service ne vous seront plus envoy\u00e9es par courriel. Vous pourrez plut\u00f4t les consulter en tout temps sur intranet, ou encore dans votre i-Centre en fin de journ\u00e9e. Donc, moins de courriel pour vous!<\/p>\n<p><strong>Avez-vous vos acc\u00e8s?<br \/>\n<\/strong>Nous vous rappelons que pour vous brancher au site intranet et pour b\u00e9n\u00e9ficier de tous les avantages personnalis\u00e9s qu\u2019il offre, vous aurez besoin de votre compte unifi\u00e9 : nom d\u2019utilisateur et mot de passe. Nous vous invitons d\u00e8s maintenant \u00e0 retracer vos acc\u00e8s dans votre bo\u00eete courriel, dans vos documents personnels, ou en vous rendant sur la page d\u2019accueil de <a href=\"https:\/\/cisssmcvirtuo.rtss.qc.ca\/GuichetWeb\/\" target=\"_blank\" rel=\"noopener noreferrer\" data-auth=\"NotApplicable\" data-linkindex=\"1\">Virtuo (Web-paie)<\/a>. L\u2019information pour r\u00e9cup\u00e9rer vos acc\u00e8s s\u2019y trouve. Nous mettons \u00e9galement \u00e0 votre disposition un compte visiteur temporaire qui vous permettra d\u2019acc\u00e9der au site :<\/p>\n<ul>\n<li>Nom d\u2019utilisateur : visiteur<\/li>\n<li>Mot de passe : visiteur2021<\/li>\n<\/ul>\n<div>\n<p>N&rsquo;h\u00e9sitez pas \u00e0 nous \u00e9crire si vous avez des commentaires et des suggestions sur le nouvel intranet. <a href=\"mailto:intranet.cisssmc16@ssss.gouv.qc.ca\" target=\"_blank\" rel=\"noopener\">intranet.cisssmc16@ssss.gouv.qc.ca<\/a>.<\/p>\n<\/div>\n<p><strong>Intranet sur votre t\u00e9l\u00e9phone intelligent<br \/>\n<\/strong>Le site intranet est accessible de partout, donc aussi disponible sur votre t\u00e9l\u00e9phone intelligent. N&rsquo;h\u00e9sitez pas \u00e0 cr\u00e9er un raccourci sur votre \u00e9cran d&rsquo;accueil pour y acc\u00e9der plus rapidement.<\/p>\n<p>&nbsp;<\/p>\n<p>&nbsp;<\/p>\n<p>&nbsp;<\/p>\n","protected":false},"excerpt":{"rendered":"<p>Depuis le printemps dernier, tous les employ\u00e9s et m\u00e9decins du CISSS de la Mont\u00e9r\u00e9gie-Centre ont acc\u00e8s \u00e0 la nouvelle plateforme intranet disponible au https:\/\/intranetcisssmc.ca. Vous \u00eates d&rsquo;ailleurs de plus en plus nombreux \u00e0 l&rsquo;utiliser! Quotidiennement, c&rsquo;est plus de 2 000 &hellip; <a href=\"https:\/\/santemc.quebec\/icentre\/nouvel-intranet-du-cisssmc-une-nouvelle-infolettre-i-centre-des-la-semaine-prochaine\/\">Continuer la lecture <span class=\"meta-nav\">&rarr;<\/span><\/a><\/p>\n","protected":false},"author":1,"featured_media":0,"comment_status":"open","ping_status":"closed","sticky":false,"template":"","format":"standard","meta":{"footnotes":""},"categories":[1],"tags":[],"_links":{"self":[{"href":"https:\/\/santemc.quebec\/icentre\/wp-json\/wp\/v2\/posts\/196134"}],"collection":[{"href":"https:\/\/santemc.quebec\/icentre\/wp-json\/wp\/v2\/posts"}],"about":[{"href":"https:\/\/santemc.quebec\/icentre\/wp-json\/wp\/v2\/types\/post"}],"author":[{"embeddable":true,"href":"https:\/\/santemc.quebec\/icentre\/wp-json\/wp\/v2\/users\/1"}],"replies":[{"embeddable":true,"href":"https:\/\/santemc.quebec\/icentre\/wp-json\/wp\/v2\/comments?post=196134"}],"version-history":[{"count":24,"href":"https:\/\/santemc.quebec\/icentre\/wp-json\/wp\/v2\/posts\/196134\/revisions"}],"predecessor-version":[{"id":198165,"href":"https:\/\/santemc.quebec\/icentre\/wp-json\/wp\/v2\/posts\/196134\/revisions\/198165"}],"wp:attachment":[{"href":"https:\/\/santemc.quebec\/icentre\/wp-json\/wp\/v2\/media?parent=196134"}],"wp:term":[{"taxonomy":"category","embeddable":true,"href":"https:\/\/santemc.quebec\/icentre\/wp-json\/wp\/v2\/categories?post=196134"},{"taxonomy":"post_tag","embeddable":true,"href":"https:\/\/santemc.quebec\/icentre\/wp-json\/wp\/v2\/tags?post=196134"}],"curies":[{"name":"wp","href":"https:\/\/api.w.org\/{rel}","templated":true}]}}