{"id":197716,"date":"2021-08-16T10:35:43","date_gmt":"2021-08-16T14:35:43","guid":{"rendered":"https:\/\/santemc.quebec\/icentre\/?p=197716"},"modified":"2021-08-17T08:33:37","modified_gmt":"2021-08-17T12:33:37","slug":"palmares-numero-2-31-janvier-2020-copy-2","status":"publish","type":"post","link":"https:\/\/santemc.quebec\/icentre\/palmares-numero-2-31-janvier-2020-copy-2\/","title":{"rendered":"Palmar\u00e8s num\u00e9ro 3 : 16 ao\u00fbt 2021"},"content":{"rendered":"<div><a href=\"https:\/\/santemc.quebec\/santemc\/icentre\/wp-content\/uploads\/2020\/01\/Palmares.png\"><img decoding=\"async\" loading=\"lazy\" class=\"aligncenter wp-image-184872 size-full\" src=\"https:\/\/santemc.quebec\/santemc\/icentre\/wp-content\/uploads\/2020\/01\/Palmares.png\" alt=\"\" width=\"848\" height=\"90\" srcset=\"https:\/\/santemc.quebec\/santemc\/icentre\/wp-content\/uploads\/2020\/01\/Palmares.png 848w, https:\/\/santemc.quebec\/santemc\/icentre\/wp-content\/uploads\/2020\/01\/Palmares-300x32.png 300w, https:\/\/santemc.quebec\/santemc\/icentre\/wp-content\/uploads\/2020\/01\/Palmares-768x82.png 768w, https:\/\/santemc.quebec\/santemc\/icentre\/wp-content\/uploads\/2020\/01\/Palmares-500x53.png 500w\" sizes=\"(max-width: 848px) 100vw, 848px\" \/><\/a><\/div>\n<div>Consultez les nouvelles les plus populaires en pr\u00e9vention et contr\u00f4le des infections.<\/div>\n<div><\/div>\n<div><strong>Dans ce num\u00e9ro :<\/strong><\/div>\n<div>\n<ul>\n<li>La pand\u00e9mie n&rsquo;est pas finie!<\/li>\n<li>Les 4 moments pour l&rsquo;hygi\u00e8ne des mains<\/li>\n<li>Comment bien d\u00e9sinfecter vos mains<\/li>\n<li>Et plus!<\/li>\n<\/ul>\n<\/div>\n<p><!--more--><\/p>\n<p><strong>\u00c0 l&rsquo;affiche<\/strong><\/p>\n<p><b>La pand\u00e9mie n\u2019est pas finie!<br \/>\n<\/b>La vigilance et la rigueur doivent continuer de pr\u00e9valoir dans nos milieux de soins!<\/p>\n<p>En 2020-2021, notre \u00e9tablissement connaissait un de ses meilleurs taux de conformit\u00e9 \u00e0 l\u2019hygi\u00e8ne des mains.<\/p>\n<p>Depuis ce printemps, bien que certaines \u00e9quipes continuent de se d\u00e9marquer, les taux enregistr\u00e9s sont \u00e0 la baisse, surtout au moment 1, soit avant d\u2019entrer en contact avec le patient ou son environnement.<\/p>\n<p><strong>Sous les projecteurs<\/strong><\/p>\n<p><strong>Les 4 moments pour l&rsquo;hygi\u00e8ne des mains<br \/>\n<\/strong>L\u2019hygi\u00e8ne des mains rev\u00eat une importance significative dans la pr\u00e9vention et le contr\u00f4le des infections chez nos usagers et r\u00e9sidents, mais aussi au sein de nos \u00e9quipes.<br \/>\nR\u00e9cemment, certains secteurs ont \u00e9t\u00e9 confront\u00e9s \u00e0 des \u00e9closions de bact\u00e9ries multi-r\u00e9sistantes, de C. difficile et de gastro-ent\u00e9rite.<\/p>\n<p>Le respect de l\u2019hygi\u00e8ne des mains s\u2019inscrit comme un moyen efficace d\u2019\u00e9voluer dans un milieu s\u00e9curitaire pour vous et pour nos usagers et r\u00e9sidents. C\u2019est \u00e9galement en appliquant rigoureusement cette mesure que nous pourrons contribuer \u00e0 r\u00e9duire les cons\u00e9quences que peuvent avoir des situations d\u2019\u00e9closions, notamment sur la charge de travail des \u00e9quipes.<\/p>\n<p><strong>Bient\u00f4t \u00e0 l&rsquo;affiche <\/strong><\/p>\n<p>Surveillez la campagne d\u2019hygi\u00e8ne des mains qui sera de retour cet automne! Vous avez\u00a0 des id\u00e9es d\u2019activit\u00e9s ou de projets que nous pourrions r\u00e9aliser dans le cadre de cette campagne? Faites-nous part de vos id\u00e9es : spci.cisssmc16@ssss.gouv.qc.ca<\/p>\n<p><strong>Dans les coulisses<\/strong><\/p>\n<p>Trouvez l\u2019information et les documents les plus r\u00e9cents concernant la COVID-19<br \/>\net la pr\u00e9vention des infections sur l\u2019intranet dans la section \u00ab Mes acc\u00e8s rapides \u00bb et COVID-19.<br \/>\nPour les informations et documents plus g\u00e9n\u00e9raux concernant la pr\u00e9vention des infections, rendez vous dans la section \u00ab Mes acc\u00e8s rapides \u00bb et Documents PCI<\/p>\n<p><a href=\"https:\/\/santemc.quebec\/santemc\/icentre\/wp-content\/uploads\/2021\/08\/Numero-special-aout-2021.pdf\" target=\"_blank\" rel=\"noopener\">Version PDF pour impression<\/a><\/p>\n","protected":false},"excerpt":{"rendered":"<p>Consultez les nouvelles les plus populaires en pr\u00e9vention et contr\u00f4le des infections. Dans ce num\u00e9ro : La pand\u00e9mie n&rsquo;est pas finie! Les 4 moments pour l&rsquo;hygi\u00e8ne des mains Comment bien d\u00e9sinfecter vos mains Et plus!<\/p>\n","protected":false},"author":9,"featured_media":0,"comment_status":"open","ping_status":"closed","sticky":false,"template":"","format":"standard","meta":{"footnotes":""},"categories":[1],"tags":[102],"_links":{"self":[{"href":"https:\/\/santemc.quebec\/icentre\/wp-json\/wp\/v2\/posts\/197716"}],"collection":[{"href":"https:\/\/santemc.quebec\/icentre\/wp-json\/wp\/v2\/posts"}],"about":[{"href":"https:\/\/santemc.quebec\/icentre\/wp-json\/wp\/v2\/types\/post"}],"author":[{"embeddable":true,"href":"https:\/\/santemc.quebec\/icentre\/wp-json\/wp\/v2\/users\/9"}],"replies":[{"embeddable":true,"href":"https:\/\/santemc.quebec\/icentre\/wp-json\/wp\/v2\/comments?post=197716"}],"version-history":[{"count":6,"href":"https:\/\/santemc.quebec\/icentre\/wp-json\/wp\/v2\/posts\/197716\/revisions"}],"predecessor-version":[{"id":197771,"href":"https:\/\/santemc.quebec\/icentre\/wp-json\/wp\/v2\/posts\/197716\/revisions\/197771"}],"wp:attachment":[{"href":"https:\/\/santemc.quebec\/icentre\/wp-json\/wp\/v2\/media?parent=197716"}],"wp:term":[{"taxonomy":"category","embeddable":true,"href":"https:\/\/santemc.quebec\/icentre\/wp-json\/wp\/v2\/categories?post=197716"},{"taxonomy":"post_tag","embeddable":true,"href":"https:\/\/santemc.quebec\/icentre\/wp-json\/wp\/v2\/tags?post=197716"}],"curies":[{"name":"wp","href":"https:\/\/api.w.org\/{rel}","templated":true}]}}