{"id":197777,"date":"2021-08-18T09:28:34","date_gmt":"2021-08-18T13:28:34","guid":{"rendered":"https:\/\/santemc.quebec\/icentre\/?p=197777"},"modified":"2021-08-18T16:11:02","modified_gmt":"2021-08-18T20:11:02","slug":"flash-ca-les-nouvelles-de-la-seance-du-conseil-dadministration-du-2-fevrier-2017-copy-copy-copy-copy-copy-copy-copy-copy-copy-copy-copy-copy-copy-copy-copy-copy-copy-copy-copy-copy-copy-copy-copy-copy","status":"publish","type":"post","link":"https:\/\/santemc.quebec\/icentre\/flash-ca-les-nouvelles-de-la-seance-du-conseil-dadministration-du-2-fevrier-2017-copy-copy-copy-copy-copy-copy-copy-copy-copy-copy-copy-copy-copy-copy-copy-copy-copy-copy-copy-copy-copy-copy-copy-copy\/","title":{"rendered":"Flash CA \u2013 Les nouvelles de la s\u00e9ance du conseil d\u2019administration du 15 juin"},"content":{"rendered":"<p><strong><img decoding=\"async\" loading=\"lazy\" class=\"alignleft wp-image-1416 size-thumbnail\" src=\"http:\/\/santemc.quebec\/santemc\/icentre\/wp-content\/uploads\/2015\/12\/flashcaicentre-150x150.jpg\" alt=\"flashcaicentre\" width=\"150\" height=\"150\" srcset=\"https:\/\/santemc.quebec\/santemc\/icentre\/wp-content\/uploads\/2015\/12\/flashcaicentre-150x150.jpg 150w, https:\/\/santemc.quebec\/santemc\/icentre\/wp-content\/uploads\/2015\/12\/flashcaicentre-300x300.jpg 300w, https:\/\/santemc.quebec\/santemc\/icentre\/wp-content\/uploads\/2015\/12\/flashcaicentre.jpg 400w\" sizes=\"(max-width: 150px) 100vw, 150px\" \/><\/strong>Le Flash CA revient sur les points d&rsquo;information et les grands dossiers organisationnels qui sont discut\u00e9s aux s\u00e9ances publiques du conseil d\u2019administration du CISSS de la Mont\u00e9r\u00e9gie-Centre.<\/p>\n<p>Consultez aussi la <a href=\"https:\/\/santemc.quebec\/santemc\/icentre\/wp-content\/uploads\/2021\/08\/flashCA_20210615.pdf\" target=\"_blank\" rel=\"noopener\">version PDF du Flash CA<\/a>.<\/p>\n<p><!--more--><\/p>\n<p><strong style=\"color: #ff6600;\">AFFAIRES FINANCI\u00c8RES<\/strong><\/p>\n<p><b>Rapports <\/b><b>financiers annuels <\/b><b>2020-2021<br \/>\n<\/b>Le conseil d\u2019administration a adopt\u00e9 le rapport financier annuel (AS-471) et le rapport de l\u2019auditeur ind\u00e9pendant du CISSS de la Mont\u00e9r\u00e9gie-Centre pour l\u2019exercice termin\u00e9 le 31 mars 2021. \u00c0 cette date, les r\u00e9sultats combin\u00e9s du fonds d&rsquo;exploitation et du fonds d&rsquo;immobilisations pr\u00e9sentent un surplus de 1\u00a0608\u00a0483\u00a0$, incluant les co\u00fbts additionnels attribuables \u00e0 la pand\u00e9mie pour un montant de 329\u00a0198\u00a0163\u00a0$.<\/p>\n<p>Le rapport financier annuel consolid\u00e9 du Fonds de la sant\u00e9 au travail (g\u00e9r\u00e9 par le CISSS de la Mont\u00e9r\u00e9gie-Centre) et le rapport de l\u2019auditeur ind\u00e9pendant pour la p\u00e9riode termin\u00e9e le 2 janvier 2021 ont \u00e9galement \u00e9t\u00e9 adopt\u00e9s. \u00c0 la fin de cet exercice, le solde du fonds consolid\u00e9 s\u2019\u00e9levait \u00e0 1\u00a0988\u00a0414\u00a0$.<\/p>\n<p><strong style=\"color: #ff6600;\">PERFORMANCE ET QUALIT\u00c9<\/strong><\/p>\n<p><b>Portrait synth\u00e8se des incidents et accidents 2020-2021<br \/>\n<\/b>Le conseil a pris acte des donn\u00e9es extraites du Registre local des incidents et accidents li\u00e9s \u00e0 la prestation de soins et services aux usagers du 1er avril 2020 au 31 mars 2021.<\/p>\n<p><b>Bilan <\/b><b>de l&rsquo;entente de gestion et d&rsquo;imputabilit\u00e9 2020-2021<br \/>\n<\/b>Le conseil d\u2019administration a pris connaissance des r\u00e9sultats en lien avec les cibles de l\u2019Entente de gestion et d\u2019imputabilit\u00e9 2020-2021 au terme de l\u2019exercice termin\u00e9 le 31 mars 2020. Le CISSS de la Mont\u00e9r\u00e9gie-Centre, comme\u00a0tous les \u00e9tablissements du Qu\u00e9bec, a connu de grands bouleversements avec la pand\u00e9mie de COVID-19. Un certain nombre d\u2019activit\u00e9s cliniques et administratives ont \u00e9t\u00e9 d\u00e9lest\u00e9es de fa\u00e7on \u00e0 concentrer tous les efforts dans la lutte sanitaire. Bien que plusieurs engagements ont \u00e9t\u00e9 atteints, cette mobilisation inattendue se refl\u00e8te ind\u00e9niablement dans les r\u00e9sultats. En raison de la situation actuelle, aucune entente de gestion et d\u2019imputabilit\u00e9 n\u2019a \u00e9t\u00e9 \u00e9tablie pour l\u2019ensemble des CISSS et CIUSSS de la province. L\u2019analyse demand\u00e9e par le MSSS se r\u00e9f\u00e8re donc \u00e0 la planification strat\u00e9gique 2019-2023.<\/p>\n<p><b>Services hospitaliers &#8211; Offre de services durant la p\u00e9riode estivale<br \/>\n<\/b>La pr\u00e9sidente-directrice g\u00e9n\u00e9rale adjointe, Mme Lise Pouliot, a pr\u00e9sent\u00e9 l\u2019impact de la p\u00e9nurie de personnel infirmier dans nos secteurs hospitaliers ainsi que les mesures d\u2019att\u00e9nuation mises en place, notamment durant la p\u00e9riode estivale.<\/p>\n<p><strong style=\"color: #ff6600;\">AFFAIRES COURANTES<\/strong><\/p>\n<p><b>R\u00e8gles de gouvernance<br \/>\n<\/b>Les politiques suivantes ont \u00e9t\u00e9 approuv\u00e9es\u00a0:<\/p>\n<ul>\n<li>Politique de consentement aux soins (DSP-002);<\/li>\n<li>Politique d\u2019utilisation s\u00e9curitaire des m\u00e9dicaments dangereux (DSP-405).<\/li>\n<\/ul>\n<p><b>Conseil des m\u00e9decins, dentistes et pharmaciens (CMDP)<br \/>\n<\/b>Sur recommandation du comit\u00e9 ex\u00e9cutif du CMDP, le conseil a :<\/p>\n<ul>\n<li>nomm\u00e9 5 m\u00e9decins omnipraticiens et 8 m\u00e9decins sp\u00e9cialistes;<\/li>\n<li>modifi\u00e9 les statuts ou privil\u00e8ges de pratique de 6 membres du CMDP;<\/li>\n<li>pris acte des demandes de cong\u00e9 de service de 3 membres du CMDP et du d\u00e9part de 8\u00a0membres du CMDP.<\/li>\n<\/ul>\n<p><b>Nominations<br \/>\n<\/b>Le conseil a nomm\u00e9\u00a0:<\/p>\n<ul>\n<li>Mme Nancy Beaulieu \u00e0 titre de directrice des services de soutien \u00e0 domicile (SAD);<\/li>\n<li>Mme Anne-Laure Cuchet-Lebrun \u00e0 titre de commissaire adjointe aux plaintes et \u00e0 la qualit\u00e9 des services au commissariat aux plaintes et \u00e0 la qualit\u00e9 des services.<\/li>\n<\/ul>\n<p><b>Autres approbations<\/b><\/p>\n<ul>\n<li>Nominations au registre des signataires autoris\u00e9s de la R\u00e9gie de l\u2019assurance maladie du Qu\u00e9bec (RAMQ);<\/li>\n<li>Nominations de membres du comit\u00e9 d\u2019\u00e9thique de la recherche (C\u00c9R) des \u00e9tablissements du Centre de recherche interdisciplinaire en r\u00e9adaptation (CRIR) pour la p\u00e9riode printemps 2021;<\/li>\n<li>Nomination d\u2019une vice-pr\u00e9sidente substitut par int\u00e9rim au comit\u00e9 d\u2019\u00e9thique de la recherche (CER) du CISSS de la Mont\u00e9r\u00e9gie-Centre;<\/li>\n<li>Autorisation au recours d\u2019un expert externe pour un comit\u00e9 de discipline du CMDP;<\/li>\n<li>Modification du nom du Centre de recherche Charles-Le Moyne\u2013Saguenay\u2013Lac-Saint-Jean sur les innovations en sant\u00e9 (CR-CSIS) pour : Centre de recherche de Charles-Le Moyne (CR-CLM);<\/li>\n<li>Approbation d\u2019ajout d\u2019une nouvelle installation au permis d\u2019exploitation de l\u2019\u00e9tablissement \u2013 Maison des a\u00een\u00e9s situ\u00e9e \u00e0 Saint-Jean-sur-Richelieu.<\/li>\n<\/ul>\n<p><b>Rapports <\/b><b>annuels<br \/>\n<\/b>Les rapports suivants ont \u00e9t\u00e9 d\u00e9pos\u00e9s et pr\u00e9sent\u00e9s au conseil d\u2019administration\u00a0:<\/p>\n<ul>\n<li>Rapport annuel 2020-2021 du comit\u00e9 de v\u00e9rification;<\/li>\n<li>Rapport annuel 2020-2021 du comit\u00e9 des ressources humaines;<\/li>\n<li>Rapport annuel 2020-2021 du comit\u00e9 de vigilance et de la qualit\u00e9;<\/li>\n<li>Rapport annuel de gestion 2020-2021 du CISSS de la Mont\u00e9r\u00e9gie-Centre;<\/li>\n<li>Rapport annuel d\u2019activit\u00e9s 2020-2021 du comit\u00e9 d\u2019\u00e9thique de la recherche (C\u00c9R) des \u00e9tablissements du Centre de recherche interdisciplinaire en r\u00e9adaptation (CRIR);<\/li>\n<li>Rapport annuel du comit\u00e9 d&rsquo;\u00e9thique de la recherche (C\u00c9R) du Centre de recherche du CISSS de la Mont\u00e9r\u00e9gie-Centre 2020-2021;<\/li>\n<li>Rapport annuel du comit\u00e9 de la convenance institutionnelle de la recherche (CIR) de l\u2019H\u00f4pital Charles-Le Moyne\/CISSS de la Mont\u00e9r\u00e9gie-Centre 2020-2021;<\/li>\n<li>Rapport annuel du comit\u00e9 scientifique de la recherche (CSR) de l\u2019H\u00f4pital Charles-Le Moyne\/CISSS de la Mont\u00e9r\u00e9gie-Centre 2020-2021;<\/li>\n<li>Rapport annuel sur l&rsquo;application de la proc\u00e9dure d&rsquo;examen des plaintes et de l&rsquo;am\u00e9lioration des services 2020-2021;<\/li>\n<li>Rapport sur l\u2019application de la Politique sur les soins de fin de vie et donn\u00e9es relatives \u00e0 l\u2019aide m\u00e9diale \u00e0 mourir de la p\u00e9riode du 1er avril 2020 au 31 mars 2021.<\/li>\n<\/ul>\n<p>Prochaine s\u00e9ance du conseil<br \/>\nLe 23 septembre 2021, \u00e0 17 h.<\/p>\n","protected":false},"excerpt":{"rendered":"<p>Le Flash CA revient sur les points d&rsquo;information et les grands dossiers organisationnels qui sont discut\u00e9s aux s\u00e9ances publiques du conseil d\u2019administration du CISSS de la Mont\u00e9r\u00e9gie-Centre. Consultez aussi la version PDF du Flash CA.<\/p>\n","protected":false},"author":1,"featured_media":0,"comment_status":"open","ping_status":"closed","sticky":false,"template":"","format":"standard","meta":{"footnotes":""},"categories":[49],"tags":[51],"_links":{"self":[{"href":"https:\/\/santemc.quebec\/icentre\/wp-json\/wp\/v2\/posts\/197777"}],"collection":[{"href":"https:\/\/santemc.quebec\/icentre\/wp-json\/wp\/v2\/posts"}],"about":[{"href":"https:\/\/santemc.quebec\/icentre\/wp-json\/wp\/v2\/types\/post"}],"author":[{"embeddable":true,"href":"https:\/\/santemc.quebec\/icentre\/wp-json\/wp\/v2\/users\/1"}],"replies":[{"embeddable":true,"href":"https:\/\/santemc.quebec\/icentre\/wp-json\/wp\/v2\/comments?post=197777"}],"version-history":[{"count":3,"href":"https:\/\/santemc.quebec\/icentre\/wp-json\/wp\/v2\/posts\/197777\/revisions"}],"predecessor-version":[{"id":197779,"href":"https:\/\/santemc.quebec\/icentre\/wp-json\/wp\/v2\/posts\/197777\/revisions\/197779"}],"wp:attachment":[{"href":"https:\/\/santemc.quebec\/icentre\/wp-json\/wp\/v2\/media?parent=197777"}],"wp:term":[{"taxonomy":"category","embeddable":true,"href":"https:\/\/santemc.quebec\/icentre\/wp-json\/wp\/v2\/categories?post=197777"},{"taxonomy":"post_tag","embeddable":true,"href":"https:\/\/santemc.quebec\/icentre\/wp-json\/wp\/v2\/tags?post=197777"}],"curies":[{"name":"wp","href":"https:\/\/api.w.org\/{rel}","templated":true}]}}