{"id":197833,"date":"2021-08-19T13:26:11","date_gmt":"2021-08-19T17:26:11","guid":{"rendered":"https:\/\/santemc.quebec\/icentre\/?p=197833"},"modified":"2021-08-19T14:27:36","modified_gmt":"2021-08-19T18:27:36","slug":"ils-relevent-le-defi-et-vous","status":"publish","type":"post","link":"https:\/\/santemc.quebec\/icentre\/ils-relevent-le-defi-et-vous\/","title":{"rendered":"Ils rel\u00e8vent le D\u00e9fi et vous?"},"content":{"rendered":"<p>Que diriez-vous de vous joindre \u00e0 vos coll\u00e8gues, <a href=\"https:\/\/www.jedonneenligne.org\/fhclm\/campagne\/defidesgenerations\/participants\/Profiles\/view\/49b209a8-897b-492f-8e76-d64fa2662617?FpsUID415=email-rem3&amp;utm_source=All&amp;utm_campaign=D%C3%A9fi+-+Reminder+2+-staff+-+Fr&amp;utm_medium=email\">Richard Deschamps<\/a>, <a href=\"https:\/\/www.jedonneenligne.org\/fhclm\/campagne\/defidesgenerations\/participants\/Profiles\/view\/8e2029e7-2954-4da5-87ae-a40c6150cd86?FpsUID415=email-rem3&amp;utm_source=All&amp;utm_campaign=D%C3%A9fi+-+Reminder+2+-staff+-+Fr&amp;utm_medium=email\">Cloe Rodrigue<\/a>, <a href=\"https:\/\/www.jedonneenligne.org\/fhclm\/campagne\/defidesgenerations\/participants\/Profiles\/view\/058922f3-f539-4984-87d9-ec1e1001c64c?FpsUID415=email-rem3&amp;utm_source=All&amp;utm_campaign=D%C3%A9fi+-+Reminder+2+-staff+-+Fr&amp;utm_medium=email\">Dr Nicolas Charbonneau<\/a>, <a href=\"https:\/\/www.jedonneenligne.org\/fhclm\/campagne\/defidesgenerations\/participants\/Profiles\/view\/28c589ac-25a6-40a1-a128-8a34b57b13d4?FpsUID415=email-rem3&amp;utm_source=All&amp;utm_campaign=D%C3%A9fi+-+Reminder+2+-staff+-+Fr&amp;utm_medium=email\">Jos\u00e9e Rivard<\/a>, <a href=\"https:\/\/www.jedonneenligne.org\/fhclm\/campagne\/defidesgenerations\/participants\/Profiles\/view\/0986a3c9-b8a4-44f0-a914-4b5caa74ef43?FpsUID415=email-rem3&amp;utm_source=All&amp;utm_campaign=D%C3%A9fi+-+Reminder+2+-staff+-+Fr&amp;utm_medium=email\">Dominique Angebaud<\/a>, <a href=\"https:\/\/www.jedonneenligne.org\/fhclm\/campagne\/defidesgenerations\/participants\/Profiles\/view\/8a688dd0-8ef3-49d2-9026-7492851a12ee?FpsUID415=email-rem3&amp;utm_source=All&amp;utm_campaign=D%C3%A9fi+-+Reminder+2+-staff+-+Fr&amp;utm_medium=email\">Nathalie Boudreau<\/a>, <a href=\"https:\/\/www.jedonneenligne.org\/fhclm\/campagne\/defidesgenerations\/participants\/Profiles\/view\/5d341301-da15-4295-8564-3b9f56c0d1fe?FpsUID415=email-rem3&amp;utm_source=All&amp;utm_campaign=D%C3%A9fi+-+Reminder+2+-staff+-+Fr&amp;utm_medium=email\">Genevi\u00e8ve Plante<\/a> et bien d\u2019autres pour les h\u00f4pitaux de la Mont\u00e9r\u00e9gie?<\/p>\n<p>D\u00e9j\u00e0 plus de 350 personnes participent \u00e0 ce grand mouvement de solidarit\u00e9 envers les professionnels de la sant\u00e9! Employ\u00e9s de l\u2019H\u00f4pital, mais aussi patients, donateurs, b\u00e9n\u00e9voles, leaders du monde des affaires, employ\u00e9s d\u2019entreprises partenaires de la r\u00e9gion et m\u00eame vedettes comme <a href=\"https:\/\/www.jedonneenligne.org\/fhclm\/campagne\/defidesgenerations\/participants\/Profiles\/view\/cb77f396-c7b4-4a07-b87a-b326853566ed?FpsUID415=email-rem3&amp;utm_source=All&amp;utm_campaign=D%C3%A9fi+-+Reminder+2+-staff+-+Fr&amp;utm_medium=email\">Jos\u00e9e Lavigueur<\/a>, Pierre H\u00e9bert, Jean-Fran\u00e7ois Baril ou encore Jaqueline Simoneau!<!--more--><\/p>\n<p>Il est encore de temps de vous joindre \u00e0 eux! Pourquoi ils participent au D\u00e9fi?<\/p>\n<table style=\"height: 1389px;\" width=\"1059\">\n<tbody>\n<tr>\n<td><\/td>\n<td><img decoding=\"async\" loading=\"lazy\" class=\"alignleft \" src=\"https:\/\/www.jedonneenligne.org\/fhclm\/campagne\/defidesgenerations\/Images\/renderParticipantPicture\/49b209a8-897b-492f-8e76-d64fa2662617?sample=%2FM%2F%2FZ163335\" width=\"300\" height=\"300\" \/>\u00ab Parce que depuis plus de 50 ans, la Fondation H\u00f4pital Charles-LeMoyne collabore avec la communaut\u00e9 afin de faire de l\u2019H\u00f4pital un centre hospitalier universitaire d\u2019envergure capable d\u2019offrir le meilleur de la m\u00e9decine \u00e0 tous les patients qui en ont besoin. C\u2019est aussi notre fa\u00e7on de reconna\u00eetre l\u2019immense travail accompli par tous les h\u00e9ros de la sant\u00e9. Gr\u00e2ce \u00e0 eux, les patients sont soign\u00e9s et pris en charge dans un \u00e9cosyst\u00e8me bienveillant, digne de confiance et accessible. C\u2019est ensemble que nous avons le pouvoir de changer les choses et d\u2019atteindre les plus hauts sommets. \u00bb<\/p>\n<p>Richard Deschamps, Chef d\u2019\u00e9quipe \u2013\u00a0<a href=\"https:\/\/www.jedonneenligne.org\/fhclm\/campagne\/defidesgenerations\/equipes\/b51f41f6-d899-429f-859b-f3562d7e4829?FpsUID415=email-rem3&amp;utm_source=All&amp;utm_campaign=D%C3%A9fi+-+Reminder+2+-staff+-+Fr&amp;utm_medium=email\">Comit\u00e9 de direction du CISSS de la Mont\u00e9r\u00e9gie-Centre<\/a> \u2013 10 000 $<\/td>\n<\/tr>\n<tr>\n<td><\/td>\n<td>&nbsp;<\/p>\n<p><a href=\"https:\/\/santemc.quebec\/santemc\/icentre\/wp-content\/uploads\/2021\/08\/c1ba805a-a4e1-4e19-8bce-606b325b64df.jpg\"><img decoding=\"async\" loading=\"lazy\" class=\"alignleft size-medium wp-image-197834\" src=\"https:\/\/santemc.quebec\/santemc\/icentre\/wp-content\/uploads\/2021\/08\/c1ba805a-a4e1-4e19-8bce-606b325b64df-300x300.jpg\" alt=\"\" width=\"300\" height=\"300\" srcset=\"https:\/\/santemc.quebec\/santemc\/icentre\/wp-content\/uploads\/2021\/08\/c1ba805a-a4e1-4e19-8bce-606b325b64df-300x300.jpg 300w, https:\/\/santemc.quebec\/santemc\/icentre\/wp-content\/uploads\/2021\/08\/c1ba805a-a4e1-4e19-8bce-606b325b64df-150x150.jpg 150w, https:\/\/santemc.quebec\/santemc\/icentre\/wp-content\/uploads\/2021\/08\/c1ba805a-a4e1-4e19-8bce-606b325b64df.jpg 360w\" sizes=\"(max-width: 300px) 100vw, 300px\" \/><\/a>\u00ab Parce que j\u2019ai eu la chance de recevoir tous les traitements dont j\u2019avais besoin, en plein c\u0153ur d\u2019une pand\u00e9mie. Parce que l\u2019activit\u00e9 physique fait partie des meilleurs moyens pour \u00e9viter une r\u00e9cidive de cancer. Parce que malgr\u00e9 le chaos, l\u2019inconnu, le doute, le personnel hospitalier a \u00e9t\u00e9 l\u00e0, pour nous tous. Un d\u00e9fi pour c\u00e9l\u00e9brer la vie et ce corps qui a d\u00e9j\u00e0 vaincu tellement d\u2019\u00e9preuves. \u00bb<\/p>\n<p><a href=\"https:\/\/www.jedonneenligne.org\/fhclm\/campagne\/defidesgenerations\/participants\/Profiles\/view\/c1ba805a-a4e1-4e19-8bce-606b325b64df?FpsUID415=email-rem3&amp;utm_source=All&amp;utm_campaign=D%C3%A9fi+-+Reminder+2+-staff+-+Fr&amp;utm_medium=email\">Clo\u00e9 Goyer<\/a>, 300 minutes d\u2019exercices par semaine \u2013 500 $<\/td>\n<\/tr>\n<tr>\n<td><\/td>\n<td>&nbsp;<\/p>\n<p><a href=\"https:\/\/santemc.quebec\/santemc\/icentre\/wp-content\/uploads\/2021\/08\/85c1d9f4-d008-4f09-839e-c6f84762d522.jpg\"><img decoding=\"async\" loading=\"lazy\" class=\"alignleft size-medium wp-image-197835\" src=\"https:\/\/santemc.quebec\/santemc\/icentre\/wp-content\/uploads\/2021\/08\/85c1d9f4-d008-4f09-839e-c6f84762d522-300x300.jpg\" alt=\"\" width=\"300\" height=\"300\" srcset=\"https:\/\/santemc.quebec\/santemc\/icentre\/wp-content\/uploads\/2021\/08\/85c1d9f4-d008-4f09-839e-c6f84762d522-300x300.jpg 300w, https:\/\/santemc.quebec\/santemc\/icentre\/wp-content\/uploads\/2021\/08\/85c1d9f4-d008-4f09-839e-c6f84762d522-150x150.jpg 150w, https:\/\/santemc.quebec\/santemc\/icentre\/wp-content\/uploads\/2021\/08\/85c1d9f4-d008-4f09-839e-c6f84762d522.jpg 360w\" sizes=\"(max-width: 300px) 100vw, 300px\" \/><\/a>\u00ab Pour redonner au syst\u00e8me de sant\u00e9 qui a travaill\u00e9 en surchauffe durant les 18 derniers mois, pour soutenir la recherche visant l\u2019am\u00e9lioration des soins, pour contribuer \u00e0 ajouter des \u00e9quipements qui pourraient sauver des vies dans mon h\u00f4pital local, et plus encore. \u00bb<\/p>\n<p><a href=\"https:\/\/www.jedonneenligne.org\/fhclm\/campagne\/defidesgenerations\/participants\/Profiles\/view\/85c1d9f4-d008-4f09-839e-c6f84762d522?FpsUID415=email-rem3&amp;utm_source=All&amp;utm_campaign=D%C3%A9fi+-+Reminder+2+-staff+-+Fr&amp;utm_medium=email\">\u00c9milie Zakaib-Denis<\/a>, 90 minutes d\u2019exercices par semaine \u2013 500 $<\/td>\n<\/tr>\n<tr>\n<td><\/td>\n<td>&nbsp;<\/p>\n<p><img decoding=\"async\" loading=\"lazy\" class=\" alignleft\" src=\"https:\/\/www.jedonneenligne.org\/fhclm\/campagne\/defidesgenerations\/Images\/renderParticipantPicture\/55dcc4df-8517-4497-b30d-1b707201f532?sample=%2F2Q%3D%3D177647\" width=\"300\" height=\"300\" \/>\u00ab Pour d\u00e9montrer ma reconnaissance pour le travail colossal qui a \u00e9t\u00e9 abattu dans la derni\u00e8re ann\u00e9e par le personnel de l\u2019h\u00f4pital, du personnel d\u2019entretien aux m\u00e9decins sp\u00e9cialistes, en passant par les infirmiers et infirmi\u00e8res et tous les autres corps de m\u00e9tier et parce que je suis convaincu que chacun de nous a une responsabilit\u00e9 sociale afin d\u2019assurer des soins de sant\u00e9 de qualit\u00e9, s\u00e9curitaires et \u00e0 la fine pointe de la technologie. \u00bb<\/p>\n<p><a href=\"https:\/\/www.jedonneenligne.org\/fhclm\/campagne\/defidesgenerations\/participants\/Profiles\/view\/55dcc4df-8517-4497-b30d-1b707201f532?FpsUID415=email-rem3&amp;utm_source=All&amp;utm_campaign=D%C3%A9fi+-+Reminder+2+-staff+-+Fr&amp;utm_medium=email\">Benoit Lemieux<\/a>, 3 000 km de v\u00e9lo \u2013 20 000 $<\/td>\n<\/tr>\n<tr>\n<td><\/td>\n<td>&nbsp;<\/p>\n<p>\u00ab Pour rend<a href=\"https:\/\/santemc.quebec\/santemc\/icentre\/wp-content\/uploads\/2021\/08\/thumbnail_IMG_2114.jpg\"><img decoding=\"async\" loading=\"lazy\" class=\"alignleft wp-image-197836\" src=\"https:\/\/santemc.quebec\/santemc\/icentre\/wp-content\/uploads\/2021\/08\/thumbnail_IMG_2114-225x300.jpg\" alt=\"\" width=\"300\" height=\"395\" \/><\/a>re hommage \u00e0 tous ceux qui ont \u00e9t\u00e9 l\u00e0 pour nous soigner, nous rassurer, nous guider pendant la pand\u00e9mie. C\u2019est aussi un coup de chapeau envers tous ceux qui ont des enjeux de sant\u00e9 mentale et qui ont d\u00e9montr\u00e9 un courage et une r\u00e9silience hors du commun afin de passer au travers de cette p\u00e9riode difficile. \u00bb<\/p>\n<p><a href=\"https:\/\/www.jedonneenligne.org\/fhclm\/campagne\/defidesgenerations\/participants\/Profiles\/view\/8bb0c0e0-70ee-4b1d-b9ca-d758b43962d1?FpsUID415=email-rem3&amp;utm_source=All&amp;utm_campaign=D%C3%A9fi+-+Reminder+2+-staff+-+Fr&amp;utm_medium=email\">Chantal Mallette et Couscous<\/a>, 420 minutes par semaine \u2013 1000 $<\/td>\n<\/tr>\n<\/tbody>\n<\/table>\n<p>Alors, et vous? Quel d\u00e9fi allez-vous relever?<\/p>\n<table>\n<tbody>\n<tr>\n<td width=\"601\"><strong>INSCRIVEZ-VOUS MAINTENANT AU <\/strong><strong><a href=\"https:\/\/defidesgenerations.com\/\">DEFIDESGENERATIONS.COM<\/a><\/strong><\/td>\n<\/tr>\n<tr>\n<td width=\"601\">&nbsp;<\/p>\n<p><strong>Restons connect\u00e9s<\/strong><\/p>\n<p>Envie de suivre les nouvelles du D\u00e9fi des g\u00e9n\u00e9rations cet \u00e9t\u00e9?<\/p>\n<p>Aimez la page Facebook de l\u2019\u00e9v\u00e9nement \u00e0 l\u2019adresse <a href=\"https:\/\/www.facebook.com\/defidesgenerations\">https:\/\/www.facebook.com\/defidesgenerations<\/a><\/p>\n<p>&nbsp;<\/p>\n<p>&nbsp;<\/td>\n<\/tr>\n<\/tbody>\n<\/table>\n","protected":false},"excerpt":{"rendered":"<p>Que diriez-vous de vous joindre \u00e0 vos coll\u00e8gues, Richard Deschamps, Cloe Rodrigue, Dr Nicolas Charbonneau, Jos\u00e9e Rivard, Dominique Angebaud, Nathalie Boudreau, Genevi\u00e8ve Plante et bien d\u2019autres pour les h\u00f4pitaux de la Mont\u00e9r\u00e9gie? D\u00e9j\u00e0 plus de 350 personnes participent \u00e0 ce &hellip; <a href=\"https:\/\/santemc.quebec\/icentre\/ils-relevent-le-defi-et-vous\/\">Continuer la lecture <span class=\"meta-nav\">&rarr;<\/span><\/a><\/p>\n","protected":false},"author":1,"featured_media":0,"comment_status":"open","ping_status":"closed","sticky":false,"template":"","format":"standard","meta":{"footnotes":""},"categories":[1],"tags":[],"_links":{"self":[{"href":"https:\/\/santemc.quebec\/icentre\/wp-json\/wp\/v2\/posts\/197833"}],"collection":[{"href":"https:\/\/santemc.quebec\/icentre\/wp-json\/wp\/v2\/posts"}],"about":[{"href":"https:\/\/santemc.quebec\/icentre\/wp-json\/wp\/v2\/types\/post"}],"author":[{"embeddable":true,"href":"https:\/\/santemc.quebec\/icentre\/wp-json\/wp\/v2\/users\/1"}],"replies":[{"embeddable":true,"href":"https:\/\/santemc.quebec\/icentre\/wp-json\/wp\/v2\/comments?post=197833"}],"version-history":[{"count":9,"href":"https:\/\/santemc.quebec\/icentre\/wp-json\/wp\/v2\/posts\/197833\/revisions"}],"predecessor-version":[{"id":197855,"href":"https:\/\/santemc.quebec\/icentre\/wp-json\/wp\/v2\/posts\/197833\/revisions\/197855"}],"wp:attachment":[{"href":"https:\/\/santemc.quebec\/icentre\/wp-json\/wp\/v2\/media?parent=197833"}],"wp:term":[{"taxonomy":"category","embeddable":true,"href":"https:\/\/santemc.quebec\/icentre\/wp-json\/wp\/v2\/categories?post=197833"},{"taxonomy":"post_tag","embeddable":true,"href":"https:\/\/santemc.quebec\/icentre\/wp-json\/wp\/v2\/tags?post=197833"}],"curies":[{"name":"wp","href":"https:\/\/api.w.org\/{rel}","templated":true}]}}