{"id":197943,"date":"2021-08-25T15:20:44","date_gmt":"2021-08-25T19:20:44","guid":{"rendered":"https:\/\/santemc.quebec\/icentre\/?p=197943"},"modified":"2021-08-25T15:21:22","modified_gmt":"2021-08-25T19:21:22","slug":"evenement-de-recrutement-special-chsld-lancement-de-la-campagne-publicitaire","status":"publish","type":"post","link":"https:\/\/santemc.quebec\/icentre\/evenement-de-recrutement-special-chsld-lancement-de-la-campagne-publicitaire\/","title":{"rendered":"\u00c9v\u00e9nement de recrutement \u2013 SP\u00c9CIAL CHSLD : lancement de la campagne publicitaire"},"content":{"rendered":"<p>Afin de combler d\u2019importants besoins de main-d\u2019\u0153uvre dans ses CHSLD, le CISSS de la Mont\u00e9r\u00e9gie-Centre tiendra un \u00e9v\u00e9nement de recrutement sp\u00e9cifique \u00e0 ce secteur d\u2019activit\u00e9s au d\u00e9but du mois de septembre, les 9-10-11 septembre 2021. Pour attirer l\u2019attention des candidats, l\u2019organisation a lanc\u00e9 une offensive publicitaire qui a commenc\u00e9 le 23 ao\u00fbt dernier.<\/p>\n<p><!--more--><\/p>\n<p>Cette campagne multiplateforme se d\u00e9clinera majoritairement sur les r\u00e9seaux sociaux (Facebook, Instagram), sur divers sites Web et dans les journaux locaux de notre territoire.<\/p>\n<p>Les publicit\u00e9s cibleront les titres d\u2019emploi en demande en CHSLD\u00a0: infirmi\u00e8re auxiliaire, infirmi\u00e8re, pr\u00e9pos\u00e9 aux b\u00e9n\u00e9ficiaires, ergoth\u00e9rapeute, physioth\u00e9rapeute et th\u00e9rapeute en r\u00e9adaptation physique (TRP).<\/p>\n<p><a href=\"https:\/\/santemc.quebec\/santemc\/icentre\/wp-content\/uploads\/2021\/08\/visuel_2_specialCHSLD.png\"><img decoding=\"async\" loading=\"lazy\" class=\"alignleft wp-image-197946\" src=\"https:\/\/santemc.quebec\/santemc\/icentre\/wp-content\/uploads\/2021\/08\/visuel_2_specialCHSLD.png\" alt=\"\" width=\"311\" height=\"159\" \/><\/a> <a href=\"https:\/\/santemc.quebec\/santemc\/icentre\/wp-content\/uploads\/2021\/08\/visuel_1_specialCHSLD-1.png\"><img decoding=\"async\" loading=\"lazy\" class=\"alignleft wp-image-197950\" src=\"https:\/\/santemc.quebec\/santemc\/icentre\/wp-content\/uploads\/2021\/08\/visuel_1_specialCHSLD-1.png\" alt=\"\" width=\"148\" height=\"151\" \/><\/a><\/p>\n<p>&nbsp;<\/p>\n<p>&nbsp;<\/p>\n<p>&nbsp;<\/p>\n<p>&nbsp;<\/p>\n<p>&nbsp;<\/p>\n<p><strong>Des efforts constants<br \/>\n<\/strong><\/p>\n<p>Depuis la fin du mois de juin, des actions promotionnelles ont \u00e9t\u00e9 d\u00e9ploy\u00e9es dans le but d\u2019assurer notre pr\u00e9sence dans le march\u00e9 des chercheurs d\u2019emploi tout au long de l\u2019\u00e9t\u00e9. Ces actions planifi\u00e9es en crescendo culmineront avec les trois jours de recrutement en septembre.<\/p>\n<p><strong>Passez le mot dans votre r\u00e9seau!<br \/>\n<\/strong>Vous connaissez des gens qui aimeraient travailler dans le domaine de la sant\u00e9 en CHSLD? Invitez-les \u00e0 s\u2019inscrire \u00e0 notre \u00e9v\u00e9nement de recrutement! Tous les d\u00e9tails sont disponibles sur notre site Web : <a href=\"http:\/\/nousrecrutons.ca\/chsld\" target=\"_blank\" rel=\"noopener\">nousrecrutons.ca\/chsld<\/a><\/p>\n","protected":false},"excerpt":{"rendered":"<p>Afin de combler d\u2019importants besoins de main-d\u2019\u0153uvre dans ses CHSLD, le CISSS de la Mont\u00e9r\u00e9gie-Centre tiendra un \u00e9v\u00e9nement de recrutement sp\u00e9cifique \u00e0 ce secteur d\u2019activit\u00e9s au d\u00e9but du mois de septembre, les 9-10-11 septembre 2021. Pour attirer l\u2019attention des candidats, &hellip; <a href=\"https:\/\/santemc.quebec\/icentre\/evenement-de-recrutement-special-chsld-lancement-de-la-campagne-publicitaire\/\">Continuer la lecture <span class=\"meta-nav\">&rarr;<\/span><\/a><\/p>\n","protected":false},"author":9,"featured_media":0,"comment_status":"open","ping_status":"closed","sticky":false,"template":"","format":"standard","meta":{"footnotes":""},"categories":[1],"tags":[],"_links":{"self":[{"href":"https:\/\/santemc.quebec\/icentre\/wp-json\/wp\/v2\/posts\/197943"}],"collection":[{"href":"https:\/\/santemc.quebec\/icentre\/wp-json\/wp\/v2\/posts"}],"about":[{"href":"https:\/\/santemc.quebec\/icentre\/wp-json\/wp\/v2\/types\/post"}],"author":[{"embeddable":true,"href":"https:\/\/santemc.quebec\/icentre\/wp-json\/wp\/v2\/users\/9"}],"replies":[{"embeddable":true,"href":"https:\/\/santemc.quebec\/icentre\/wp-json\/wp\/v2\/comments?post=197943"}],"version-history":[{"count":10,"href":"https:\/\/santemc.quebec\/icentre\/wp-json\/wp\/v2\/posts\/197943\/revisions"}],"predecessor-version":[{"id":197968,"href":"https:\/\/santemc.quebec\/icentre\/wp-json\/wp\/v2\/posts\/197943\/revisions\/197968"}],"wp:attachment":[{"href":"https:\/\/santemc.quebec\/icentre\/wp-json\/wp\/v2\/media?parent=197943"}],"wp:term":[{"taxonomy":"category","embeddable":true,"href":"https:\/\/santemc.quebec\/icentre\/wp-json\/wp\/v2\/categories?post=197943"},{"taxonomy":"post_tag","embeddable":true,"href":"https:\/\/santemc.quebec\/icentre\/wp-json\/wp\/v2\/tags?post=197943"}],"curies":[{"name":"wp","href":"https:\/\/api.w.org\/{rel}","templated":true}]}}