{"id":197979,"date":"2021-08-25T16:31:19","date_gmt":"2021-08-25T20:31:19","guid":{"rendered":"https:\/\/santemc.quebec\/icentre\/?p=197979"},"modified":"2021-08-25T16:31:19","modified_gmt":"2021-08-25T20:31:19","slug":"avant-de-vous-rendre-a-lurgence-avez-vous-pense-a-dautres-solutions","status":"publish","type":"post","link":"https:\/\/santemc.quebec\/icentre\/avant-de-vous-rendre-a-lurgence-avez-vous-pense-a-dautres-solutions\/","title":{"rendered":"Avant de vous rendre \u00e0 l\u2019urgence, avez-vous pens\u00e9 \u00e0 d\u2019autres solutions?"},"content":{"rendered":"<p><em>Communiqu\u00e9 de presse diffus\u00e9 aujourd&rsquo;hui\u00a0<\/em><\/p>\n<p><strong>Longueuil,<\/strong><strong>\u00a0le 25 ao\u00fbt 2021\u00a0<\/strong>\u2013 Dans un contexte de fort achalandage dans ses urgences,le CISSS de la Mont\u00e9r\u00e9gie-Centre souhaite vous rappeler que si votre \u00e9tat de sant\u00e9 n\u2019est pas urgent, il existe plusieurs solutions simples et rapides pour vous aider \u00e0 faire face \u00e0 un probl\u00e8me de sant\u00e9 mineur ou \u00e0 une infection. Plusieurs ressources alternatives peuvent aider \u00e0 soigner ou fournir des conseils sur diff\u00e9rentes questions relatives \u00e0 la sant\u00e9.<!--more--><\/p>\n<p>L\u2019urgence de l\u2019h\u00f4pital n\u2019est pas n\u00e9cessairement la premi\u00e8re solution \u00e0 envisager. Nous souhaitons vous rappeler que le r\u00f4le premier de l\u2019urgence est d\u2019accueillir et de traiter en priorit\u00e9 les cas les plus graves, quel que soit l\u2019ordre d\u2019arriv\u00e9e des patients. Il est possible que le d\u00e9lai d\u2019attente soit tr\u00e8s long si votre probl\u00e8me est moins urgent, alors que d\u2019autres ressources pourraient plus rapidement r\u00e9pondre \u00e0 votre besoin. Par exemple\u00a0:<\/p>\n<ol>\n<li><strong>Appeler Info-Sant\u00e9 811<\/strong>. Une infirmi\u00e8re pourra r\u00e9pondre \u00e0 vos questions, vous conseiller et vous diriger vers la ressource la plus appropri\u00e9e.<\/li>\n<li><strong>Utiliser le portail sant\u00e9 mieux-\u00eatre<\/strong>\u00a0pour trouver des informations sur les sympt\u00f4mes, les traitements et les ressources \u00e0 votre port\u00e9e :\u00a0<a class=\"is-external is-new-window\" href=\"http:\/\/www.sante.gouv.qc.ca\/\" target=\"_blank\" rel=\"noopener\">www.sante.gouv.qc.ca<\/a><\/li>\n<li><strong>Consulter votre m\u00e9decin de famille<\/strong>\u00a0ou s\u2019il n\u2019est pas disponible, v\u00e9rifier aupr\u00e8s de la clinique si un autre m\u00e9decin peut vous accueillir. Plusieurs cliniques m\u00e9dicales offrent un service de t\u00e9l\u00e9consultation.<\/li>\n<li><strong>Visiter un pharmacien<\/strong>\u00a0qui peut vous conseiller sur l\u2019achat d\u2019un m\u00e9dicament en vente libre ou prescrire des m\u00e9dicaments pour des probl\u00e8mes de sant\u00e9 mineurs.<\/li>\n<li><strong>Vous adresser \u00e0 une<\/strong>\u00a0<strong>clinique sans rendez-vous<\/strong>. Pour trouver la clinique situ\u00e9e le plus pr\u00e8s de chez vous, consultez\u00a0:\u00a0<a class=\"is-external is-new-window\" href=\"http:\/\/www.sante.gouv.qc.ca\/\" target=\"_blank\" rel=\"noopener\">www.sante.gouv.qc.ca<\/a><\/li>\n<li><strong>Vous rendre dans l\u2019une des deux cliniques r\u00e9seau du territoire\u00a0:<\/strong>\n<ul>\n<li>La clinique Azur est situ\u00e9e au 2984 Taschereau \u00e0 Greenfield Park. Pour prendre rendez-vous, vous pouvez t\u00e9l\u00e9phoner au 450 466-4333 option # 3 ou visiter\u00a0<a class=\"is-external is-new-window\" href=\"http:\/\/www.cliniqueazur.com\/\" target=\"_blank\" rel=\"noopener\">www.cliniqueazur.com<\/a>.<\/li>\n<li>Le centre M\u00e9di-Soleil est situ\u00e9 au 383, boulevard du S\u00e9minaire Nord, bureau 120, \u00e0 Saint-Jean-Sur-Richelieu. Pour prendre rendez-vous, vous pouvez t\u00e9l\u00e9phoner au 438 320-1300 ou visiter\u00a0<a class=\"is-external is-new-window\" href=\"https:\/\/www.medisoleil.com\/\" target=\"_blank\" rel=\"noopener\">https:\/\/www.medisoleil.com<\/a>.<\/li>\n<\/ul>\n<\/li>\n<li><strong>Urgence p\u00e9diatrique\u00a0:<\/strong>\u00a0Savez-vous que le Centre d\u2019urgence p\u00e9diatrique Up, situ\u00e9 au Quartier Dix30 \u00e0 Brossard, offre des consultations sept jours sur sept de 8 h \u00e0 20 h aux enfants \u00e2g\u00e9s de 17 ans ou moins? Pour plus d\u2019information\u00a0:\u00a0<a class=\"is-external is-new-window\" href=\"http:\/\/www.centreup.ca\/\" target=\"_blank\" rel=\"noopener\">www.centreup.ca<\/a><\/li>\n<li><strong>Accepter le soutien d\u2019un param\u00e9dic communautaire lors d\u2019un appel au 911\u00a0:<\/strong>\u00a0Une personne \u00e2g\u00e9e de 50 ans et plus qui contacte le 911 pour un transport ambulancier pourrait recevoir la visite d\u2019un param\u00e9dic communautaire \u00e0 la maison et \u00e9viter un transport \u00e0 l\u2019urgence. Si son \u00e9tat de sant\u00e9 lui permet de b\u00e9n\u00e9ficier d\u2019une prise en charge alternative et que la personne consent \u00e0 recevoir ce type de service, une infirmi\u00e8re du soutien \u00e0 domicile, en collaboration avec le param\u00e9dic, planifie les services requis, que ce soit un rendez-vous avec son m\u00e9decin de famille ou un rendez-vous en clinique. La personne recevra par la suite, dans son milieu de vie, la visite d\u2019une infirmi\u00e8re du SAD dans un d\u00e9lai maximal de 24 heures.<\/li>\n<\/ol>\n<p><strong>Vous pr\u00e9sentez des sympt\u00f4mes s\u2019apparentant \u00e0 la COVID-19?<\/strong><\/p>\n<ol>\n<li>Remplissez le formulaire d\u2019auto\u00e9valuation des sympt\u00f4mes de la COVID-19. Vous le trouverez \u00e0 l\u2019adresse suivante :\u00a0<a class=\"is-external is-new-window\" href=\"http:\/\/www.quebec.ca\/sante\/problemes-de-sante\/a-z\/coronavirus-2019\/guide-auto-evaluation-symptomes-covid-19\/\" target=\"_blank\" rel=\"noopener\">www.quebec.ca\/sante\/problemes-de-sante\/a-z\/coronavirus-2019\/guide-auto-evaluation-symptomes-covid-19\/<\/a><\/li>\n<\/ol>\n<ol start=\"2\">\n<li>Obtenez un rendez-vous dans une clinique d\u00e9sign\u00e9e de d\u00e9pistage en composant le 450 644-4545 ou le 1 877 644-4545, ou remplissez le formulaire en ligne \u00e0 l\u2019adresse suivante :\u00a0<a class=\"is-external is-new-window\" href=\"https:\/\/cv19quebec.ca\/\" target=\"_blank\" rel=\"noopener\">https:\/\/cv19quebec.ca\/<\/a><\/li>\n<\/ol>\n<p>Pour plus d\u2019information :\u00a0<a class=\"is-external is-new-window\" href=\"http:\/\/www.santemonteregie.qc.ca\/centre\/alternatives-lurgence\" target=\"_blank\" rel=\"noopener\">www.santemonteregie.qc.ca\/centre\/alternatives-lurgence<\/a>.<\/p>\n","protected":false},"excerpt":{"rendered":"<p>Communiqu\u00e9 de presse diffus\u00e9 aujourd&rsquo;hui\u00a0 Longueuil,\u00a0le 25 ao\u00fbt 2021\u00a0\u2013 Dans un contexte de fort achalandage dans ses urgences,le CISSS de la Mont\u00e9r\u00e9gie-Centre souhaite vous rappeler que si votre \u00e9tat de sant\u00e9 n\u2019est pas urgent, il existe plusieurs solutions simples et &hellip; <a href=\"https:\/\/santemc.quebec\/icentre\/avant-de-vous-rendre-a-lurgence-avez-vous-pense-a-dautres-solutions\/\">Continuer la lecture <span class=\"meta-nav\">&rarr;<\/span><\/a><\/p>\n","protected":false},"author":1,"featured_media":0,"comment_status":"open","ping_status":"closed","sticky":false,"template":"","format":"standard","meta":{"footnotes":""},"categories":[1],"tags":[],"_links":{"self":[{"href":"https:\/\/santemc.quebec\/icentre\/wp-json\/wp\/v2\/posts\/197979"}],"collection":[{"href":"https:\/\/santemc.quebec\/icentre\/wp-json\/wp\/v2\/posts"}],"about":[{"href":"https:\/\/santemc.quebec\/icentre\/wp-json\/wp\/v2\/types\/post"}],"author":[{"embeddable":true,"href":"https:\/\/santemc.quebec\/icentre\/wp-json\/wp\/v2\/users\/1"}],"replies":[{"embeddable":true,"href":"https:\/\/santemc.quebec\/icentre\/wp-json\/wp\/v2\/comments?post=197979"}],"version-history":[{"count":1,"href":"https:\/\/santemc.quebec\/icentre\/wp-json\/wp\/v2\/posts\/197979\/revisions"}],"predecessor-version":[{"id":197980,"href":"https:\/\/santemc.quebec\/icentre\/wp-json\/wp\/v2\/posts\/197979\/revisions\/197980"}],"wp:attachment":[{"href":"https:\/\/santemc.quebec\/icentre\/wp-json\/wp\/v2\/media?parent=197979"}],"wp:term":[{"taxonomy":"category","embeddable":true,"href":"https:\/\/santemc.quebec\/icentre\/wp-json\/wp\/v2\/categories?post=197979"},{"taxonomy":"post_tag","embeddable":true,"href":"https:\/\/santemc.quebec\/icentre\/wp-json\/wp\/v2\/tags?post=197979"}],"curies":[{"name":"wp","href":"https:\/\/api.w.org\/{rel}","templated":true}]}}