{"id":198000,"date":"2021-08-27T11:58:42","date_gmt":"2021-08-27T15:58:42","guid":{"rendered":"https:\/\/santemc.quebec\/icentre\/?p=198000"},"modified":"2021-08-27T16:08:45","modified_gmt":"2021-08-27T20:08:45","slug":"infolettre-au-coeur-de-nos-grands-projets-numero-1-copy","status":"publish","type":"post","link":"https:\/\/santemc.quebec\/icentre\/infolettre-au-coeur-de-nos-grands-projets-numero-1-copy\/","title":{"rendered":"Infolettre Au coeur de nos grands projets : num\u00e9ro 2"},"content":{"rendered":"<p><a href=\"https:\/\/santemc.quebec\/santemc\/icentre\/wp-content\/uploads\/2021\/06\/entete_au_coeur_grands_projets.png\"><img decoding=\"async\" loading=\"lazy\" class=\"aligncenter wp-image-196722 size-large\" src=\"https:\/\/santemc.quebec\/santemc\/icentre\/wp-content\/uploads\/2021\/06\/entete_au_coeur_grands_projets-1024x298.png\" alt=\"\" width=\"584\" height=\"170\" srcset=\"https:\/\/santemc.quebec\/santemc\/icentre\/wp-content\/uploads\/2021\/06\/entete_au_coeur_grands_projets-1024x298.png 1024w, https:\/\/santemc.quebec\/santemc\/icentre\/wp-content\/uploads\/2021\/06\/entete_au_coeur_grands_projets-300x87.png 300w, https:\/\/santemc.quebec\/santemc\/icentre\/wp-content\/uploads\/2021\/06\/entete_au_coeur_grands_projets-768x223.png 768w, https:\/\/santemc.quebec\/santemc\/icentre\/wp-content\/uploads\/2021\/06\/entete_au_coeur_grands_projets-500x145.png 500w, https:\/\/santemc.quebec\/santemc\/icentre\/wp-content\/uploads\/2021\/06\/entete_au_coeur_grands_projets.png 1125w\" sizes=\"(max-width: 584px) 100vw, 584px\" \/><\/a><\/p>\n<p><b>Destin\u00e9e \u00e0 l\u2019ensemble des employ\u00e9s et m\u00e9decins du CISSS de la Mont\u00e9r\u00e9gie-Centre, l\u2019infolettre <\/b><b><i>Au c\u0153ur de nos grands\u00a0projets<\/i><\/b><b> vise \u00e0 faire conna\u00eetre les projets internes de l\u2019organisation. Gr\u00e2ce \u00e0 cet outil,\u00a0<\/b><b>il sera possible de suivre l\u2019\u00e9volution des projets \u00e0 partir de leur conception jusqu\u2019\u00e0 leur livraison finale.<\/b><\/p>\n<p>Dans ce num\u00e9ro :<\/p>\n<ul>\n<li>Un b\u00e2timent modulaire se greffera bient\u00f4t \u00e0 l&rsquo;H\u00f4pital du Haut-Richelieu<\/li>\n<li>Le projet de modernisation de l&rsquo;H\u00f4pital Charles-Le Moyne franchit une \u00e9tape importante<\/li>\n<\/ul>\n<p><!--more--><\/p>\n<p><strong style=\"color: #00ac91;\">UN B\u00c2TIMENT MODULAIRE SE GREFFERA BIENT\u00d4T \u00c0 L&rsquo;H\u00d4PITAL DU HAUT-RICHELIEU<\/strong><\/p>\n<p><b>Afin <\/b><b>de r\u00e9pondre \u00e0 un besoin de lits suppl\u00e9mentaires \u00e0 l\u2019H\u00f4pital du Haut-Richelieu, le CISSS de la Mont\u00e9r\u00e9gie-Centre a obtenu l\u2019aval du minist\u00e8re de la Sant\u00e9 et des Services sociaux pour am\u00e9nager un nouveau b\u00e2timent modulaire temporaire. Cette solution permettra d\u2019ajouter 25 nouveaux lits d\u2019hospitalisation dans un environnement s\u00e9curitaire et adapt\u00e9 aux patients et aux professionnels<\/b><b>.<\/b><\/p>\n<p>Le b\u00e2timent de plus de 1000 m2 sera install\u00e9 sur le terrain occup\u00e9 actuellement par le stationnement des m\u00e9decins et sera reli\u00e9 de plain-pied par une passerelle au rez-de-chauss\u00e9e de l\u2019h\u00f4pital, pr\u00e8s du secteur de la m\u00e9decine ambulatoire.<\/p>\n<p>Cette unit\u00e9 modulaire comptera 12 chambres doubles, une chambre individuelle adapt\u00e9e ainsi que plusieurs locaux de soutien.<\/p>\n<p>La construction de ce b\u00e2timent n\u00e9cessitera des travaux pr\u00e9paratoires du site qui commenceront au mois d\u2019ao\u00fbt, notamment le r\u00e9am\u00e9nagement d\u2019un des stationnements visiteurs pour y accueillir le stationnement des m\u00e9decins.<\/p>\n<p>Les travaux de construction du b\u00e2timent m\u00eame devraient d\u00e9buter en septembre.<\/p>\n<p><a href=\"https:\/\/santemc.quebec\/santemc\/icentre\/wp-content\/uploads\/2021\/08\/modulaire_HHR.png\"><img decoding=\"async\" loading=\"lazy\" class=\"size-medium wp-image-198002 aligncenter\" src=\"https:\/\/santemc.quebec\/santemc\/icentre\/wp-content\/uploads\/2021\/08\/modulaire_HHR-300x161.png\" alt=\"\" width=\"300\" height=\"161\" srcset=\"https:\/\/santemc.quebec\/santemc\/icentre\/wp-content\/uploads\/2021\/08\/modulaire_HHR-300x161.png 300w, https:\/\/santemc.quebec\/santemc\/icentre\/wp-content\/uploads\/2021\/08\/modulaire_HHR-500x269.png 500w, https:\/\/santemc.quebec\/santemc\/icentre\/wp-content\/uploads\/2021\/08\/modulaire_HHR.png 571w\" sizes=\"(max-width: 300px) 100vw, 300px\" \/><\/a><\/p>\n<p><strong style=\"color: #00ac91;\">LE PROJET DE MODERNISATION DE L&rsquo;H\u00d4PITAL CHARLES-LE MOYNE FRANCHIT UNE \u00c9TAPE IMPORTANTE<\/strong><\/p>\n<p><b>Le 7 juillet dernier, le minist\u00e8re de la Sant\u00e9 et des Services sociaux (MSSS) a annonc\u00e9 que le projet de modernisation de l\u2019H\u00f4pital Charles-Le <\/b><b>Moyne<\/b><b> \u00e9tait autoris\u00e9 \u00e0 amorcer son dossier d\u2019affaires et \u00e0 passer en phase de planification. Que signifie cette annonce exactement et quelle est l\u2019ampleur de ce projet majeur? Explications en 3 points<\/b><b>.<\/b><\/p>\n<p><b>1. Plusieurs projets qui en deviennent un seul<br \/>\n<\/b>Le projet de modernisation de l\u2019H\u00f4pital Charles-Le Moyne regroupe en fait plusieurs projets qui sont tous li\u00e9s entre eux. Au d\u00e9part, il avait \u00e9t\u00e9 convenu de r\u00e9am\u00e9nager le bloc op\u00e9ratoire et d\u2019ajouter de nouvelles salles d\u2019op\u00e9ration. Toutefois, ce projet ne pouvait se r\u00e9aliser sans revoir l\u2019am\u00e9nagement des autres secteurs qui ont des liens fonctionnels avec le bloc, dont la chirurgie d\u2019un jour, l\u2019unit\u00e9 de soins intensifs, l\u2019unit\u00e9 de retraitement des dispositifs m\u00e9dicaux (URDM), etc. C\u2019est ce que nous avons appel\u00e9 le pavillon des soins critiques.<\/p>\n<p>En parall\u00e8le, l\u2019h\u00f4pital avait aussi besoin d\u2019un appareil de tomographie \u00e0 \u00e9mission de positons (TEP) et d\u2019un second appareil de r\u00e9sonance magn\u00e9tique. En planifiant le projet du TEP, il s\u2019est av\u00e9r\u00e9 n\u00e9cessaire de pr\u00e9voir la relocalisation de la m\u00e9decine nucl\u00e9aire afin qu\u2019elle soit situ\u00e9e pr\u00e8s du TEP pour des raisons de fonctionnalit\u00e9.<\/p>\n<p>Aujourd\u2019hui, tous ces projets sont regroup\u00e9s dans un seul et m\u00eame projet majeur, ce qui va permettre d\u2019\u00eatre plus agile dans la planification des travaux.<\/p>\n<p><a href=\"https:\/\/santemc.quebec\/santemc\/icentre\/wp-content\/uploads\/2021\/08\/modernisation_HCLM.jpg\"><img decoding=\"async\" loading=\"lazy\" class=\"size-medium wp-image-198004 aligncenter\" src=\"https:\/\/santemc.quebec\/santemc\/icentre\/wp-content\/uploads\/2021\/08\/modernisation_HCLM-300x150.jpg\" alt=\"\" width=\"300\" height=\"150\" srcset=\"https:\/\/santemc.quebec\/santemc\/icentre\/wp-content\/uploads\/2021\/08\/modernisation_HCLM-300x150.jpg 300w, https:\/\/santemc.quebec\/santemc\/icentre\/wp-content\/uploads\/2021\/08\/modernisation_HCLM-768x384.jpg 768w, https:\/\/santemc.quebec\/santemc\/icentre\/wp-content\/uploads\/2021\/08\/modernisation_HCLM-500x250.jpg 500w, https:\/\/santemc.quebec\/santemc\/icentre\/wp-content\/uploads\/2021\/08\/modernisation_HCLM.jpg 835w\" sizes=\"(max-width: 300px) 100vw, 300px\" \/><\/a><\/p>\n<p><strong>2. Un agrandissement de 5 \u00e9tages<\/strong><br \/>\nCe projet majeur prendra la forme d\u2019un agrandissement de 5 \u00e9tages qui viendra se greffer au-dessus de l\u2019urgence de l\u2019h\u00f4pital. Il y aura aussi un agrandissement au niveau du rez-de-chauss\u00e9e, au bout du bloc B, pour \u00a0y accueillir le TEP, l\u2019IRM et la relocalisation de la m\u00e9decine nucl\u00e9aire.<\/p>\n<p>L\u2019agrandissement de 5 \u00e9tages situ\u00e9 au-dessus de l\u2019urgence comprendra\u00a0:<\/p>\n<ul>\n<li>Rez-de-chauss\u00e9e: prolongement du bloc B (TEP, IRM et m\u00e9decine nucl\u00e9aire)<\/li>\n<li>1er \u00e9tage\u00a0: unit\u00e9 d\u2019intervention br\u00e8ve (UIB) en sant\u00e9 mentale, unit\u00e9 d\u2019hospitalisation br\u00e8ve (UHB) et service d&rsquo;inhaloth\u00e9rapie<\/li>\n<li>2e \u00e9tage\u00a0: bloc op\u00e9ratoire, salle de r\u00e9veil, chirurgie d&rsquo;un jour et\u00a0clinique de pr\u00e9admission<\/li>\n<li>3e \u00e9tage\u00a0: soins intensifs et\u00a0pharmacie satellite<\/li>\n<li>4e \u00e9tage\u00a0: unit\u00e9 de retraitement des dispositifs m\u00e9dicaux (URDM)<\/li>\n<li>5e \u00e9tage\u00a0: salle m\u00e9canique<\/li>\n<\/ul>\n<p>Des liens verticaux (ascenseurs) et horizontaux (corridors) seront ajout\u00e9s pour relier l\u2019agrandissement \u00a0au b\u00e2timent existant et ainsi assurer la fluidit\u00e9 de la circulation.<\/p>\n<p><strong>3. Dossier d&rsquo;affaires = on va de l&rsquo;avant!<\/strong><br \/>\nFinalement, pourquoi l\u2019annonce du gouvernement du 7 juillet dernier est-elle si importante? Parce que cette annonce vient approuver les plans et devis soumis par le CISSSMC et donner le coup d\u2019envoi \u00e0 la phase de planification qui d\u00e9bute par le dossier d\u2019affaires.<\/p>\n<p>Cette \u00e9tape qui devrait durer environ 1 an va permettre \u00e0 l\u2019\u00e9tablissement de pr\u00e9ciser le projet, de le raffiner afin de pr\u00e9voir chaque d\u00e9tail concernant les \u00e9quipements, les besoins techniques au niveau des syst\u00e8mes \u00e9lectriques, m\u00e9caniques, etc.<\/p>\n<p>L&rsquo;\u00e9quipe du BPO<br \/>\n<b>Lise <\/b><b>Pouliot, <\/b>pr\u00e9sidente-directrice g\u00e9n\u00e9rale adjointe et directrice du Bureau de projets organisationnels<br \/>\n<b>Julie Faucher, <\/b>coordonnatrice du Bureau de projets organisationnels<br \/>\n<b>Fr\u00e9d\u00e9ric <\/b><b>Ren\u00e9, <\/b>gestionnaire de projets organisationnels<br \/>\n<b>\u00c9milie David, <\/b>conseill\u00e8re-cadre et charg\u00e9e de projets<br \/>\n<b>Lynda Dufresne, <\/b>conseill\u00e8re-cadre et charg\u00e9e de projets<br \/>\n<b>Andr\u00e9e Legault<\/b>, conseill\u00e8re-cadre et charg\u00e9e de projets<br \/>\n<b>Dominique Laporte, <\/b>technicienne en administration<\/p>\n<p><a href=\"https:\/\/santemc.quebec\/santemc\/icentre\/wp-content\/uploads\/2021\/08\/InfolettreGrandsProjets_CISSSMC_no2_2021_08-26.pdf\" target=\"_blank\" rel=\"noopener\">Version PDF pour impression<\/a><\/p>\n","protected":false},"excerpt":{"rendered":"<p>Destin\u00e9e \u00e0 l\u2019ensemble des employ\u00e9s et m\u00e9decins du CISSS de la Mont\u00e9r\u00e9gie-Centre, l\u2019infolettre Au c\u0153ur de nos grands\u00a0projets vise \u00e0 faire conna\u00eetre les projets internes de l\u2019organisation. Gr\u00e2ce \u00e0 cet outil,\u00a0il sera possible de suivre l\u2019\u00e9volution des projets \u00e0 partir &hellip; <a href=\"https:\/\/santemc.quebec\/icentre\/infolettre-au-coeur-de-nos-grands-projets-numero-1-copy\/\">Continuer la lecture <span class=\"meta-nav\">&rarr;<\/span><\/a><\/p>\n","protected":false},"author":9,"featured_media":0,"comment_status":"open","ping_status":"closed","sticky":false,"template":"","format":"standard","meta":{"footnotes":""},"categories":[1],"tags":[],"_links":{"self":[{"href":"https:\/\/santemc.quebec\/icentre\/wp-json\/wp\/v2\/posts\/198000"}],"collection":[{"href":"https:\/\/santemc.quebec\/icentre\/wp-json\/wp\/v2\/posts"}],"about":[{"href":"https:\/\/santemc.quebec\/icentre\/wp-json\/wp\/v2\/types\/post"}],"author":[{"embeddable":true,"href":"https:\/\/santemc.quebec\/icentre\/wp-json\/wp\/v2\/users\/9"}],"replies":[{"embeddable":true,"href":"https:\/\/santemc.quebec\/icentre\/wp-json\/wp\/v2\/comments?post=198000"}],"version-history":[{"count":6,"href":"https:\/\/santemc.quebec\/icentre\/wp-json\/wp\/v2\/posts\/198000\/revisions"}],"predecessor-version":[{"id":198011,"href":"https:\/\/santemc.quebec\/icentre\/wp-json\/wp\/v2\/posts\/198000\/revisions\/198011"}],"wp:attachment":[{"href":"https:\/\/santemc.quebec\/icentre\/wp-json\/wp\/v2\/media?parent=198000"}],"wp:term":[{"taxonomy":"category","embeddable":true,"href":"https:\/\/santemc.quebec\/icentre\/wp-json\/wp\/v2\/categories?post=198000"},{"taxonomy":"post_tag","embeddable":true,"href":"https:\/\/santemc.quebec\/icentre\/wp-json\/wp\/v2\/tags?post=198000"}],"curies":[{"name":"wp","href":"https:\/\/api.w.org\/{rel}","templated":true}]}}