{"id":198202,"date":"2021-09-03T13:40:40","date_gmt":"2021-09-03T17:40:40","guid":{"rendered":"https:\/\/santemc.quebec\/icentre\/?p=198202"},"modified":"2021-09-03T13:40:40","modified_gmt":"2021-09-03T17:40:40","slug":"laurent-duvernay-tardif-et-nos-chsld-une-experience-a-souligner","status":"publish","type":"post","link":"https:\/\/santemc.quebec\/icentre\/laurent-duvernay-tardif-et-nos-chsld-une-experience-a-souligner\/","title":{"rendered":"Laurent Duvernay-Tardif et nos CHSLD : une exp\u00e9rience \u00e0 souligner"},"content":{"rendered":"<p>&nbsp;<\/p>\n<table>\n<tbody>\n<tr>\n<td><a href=\"https:\/\/santemc.quebec\/santemc\/icentre\/wp-content\/uploads\/2021\/09\/image1LDT.png\"><img decoding=\"async\" loading=\"lazy\" class=\"alignright size-medium wp-image-198205\" src=\"https:\/\/santemc.quebec\/santemc\/icentre\/wp-content\/uploads\/2021\/09\/image1LDT-300x168.png\" alt=\"\" width=\"300\" height=\"168\" srcset=\"https:\/\/santemc.quebec\/santemc\/icentre\/wp-content\/uploads\/2021\/09\/image1LDT-300x168.png 300w, https:\/\/santemc.quebec\/santemc\/icentre\/wp-content\/uploads\/2021\/09\/image1LDT.png 497w\" sizes=\"(max-width: 300px) 100vw, 300px\" \/><\/a><\/td>\n<td><a href=\"https:\/\/santemc.quebec\/santemc\/icentre\/wp-content\/uploads\/2021\/09\/image2LDT.png\"><img decoding=\"async\" loading=\"lazy\" class=\"alignright size-medium wp-image-198206\" src=\"https:\/\/santemc.quebec\/santemc\/icentre\/wp-content\/uploads\/2021\/09\/image2LDT-300x174.png\" alt=\"\" width=\"300\" height=\"174\" srcset=\"https:\/\/santemc.quebec\/santemc\/icentre\/wp-content\/uploads\/2021\/09\/image2LDT-300x174.png 300w, https:\/\/santemc.quebec\/santemc\/icentre\/wp-content\/uploads\/2021\/09\/image2LDT-500x289.png 500w, https:\/\/santemc.quebec\/santemc\/icentre\/wp-content\/uploads\/2021\/09\/image2LDT.png 529w\" sizes=\"(max-width: 300px) 100vw, 300px\" \/><\/a><\/td>\n<\/tr>\n<\/tbody>\n<\/table>\n<p>L\u2019\u00e9v\u00e9nement de recrutement virtuel SP\u00c9CIAL CHSLD se tenant du 9 au 11 septembre prochains arrive \u00e0 grand pas et la campagne de publicit\u00e9 bat son plein. Afin de marquer le coup, le CISSSMC a voulu miser sur le passage d\u2019un sportif de haut niveau dans nos murs au plus fort de la pand\u00e9mie. Avec l\u2019accord de Laurent Duvernay-Tardif, nous avons produit une vid\u00e9o toute sp\u00e9ciale! En effet, vous y verrez notre ancien coll\u00e8gue du CHSLD Gertrude-Lafrance exprimer toute son admiration \u00e0 l&rsquo;\u00e9gard du personnel travaillant en CHSLD et vanter la force des moments v\u00e9cus au quotidien lors de son passage dans notre \u00e9tablissement.<!--more-->N\u2019h\u00e9sitez pas \u00e0 la visionner et \u00e0 la partager :<\/p>\n<p>Facebook\u00a0:<br \/>\n<a href=\"https:\/\/fb.watch\/7LukwehgvA\/\" target=\"_blank\" rel=\"noopener\">https:\/\/fb.watch\/7LukwehgvA\/<\/a><\/p>\n<p>Linked IN\u00a0: <a href=\"https:\/\/www.linkedin.com\/feed\/update\/urn:li:activity:6838885686767046656\" target=\"_blank\" rel=\"noopener\">https:\/\/www.linkedin.com\/feed\/update\/urn:li:activity:6838885686767046656<\/a><\/p>\n<p>Site Web\u00a0:<br \/>\n<a href=\"https:\/\/santemonteregie.qc.ca\/centre\/emplois-au-cisss\/pourquoi-le-cisssmc#toc-zone-vid-o\" target=\"_blank\" rel=\"noopener\">https:\/\/santemonteregie.qc.ca\/centre\/emplois-au-cisss\/pourquoi-le-cisssmc#toc-zone-vid-o<\/a><\/p>\n<p><strong>Un documentaire tourn\u00e9 entre nos murs en nomination aux G\u00e9meaux<\/strong><strong><br \/>\n<\/strong>Dans le cadre de la s\u00e9rie 25 ans d&rsquo;\u00e9motions, RDS a produit le documentaire intitul\u00e9 <em>L\u2019humain avant tout<\/em> qui nous montre de pr\u00e8s l\u2019altruisme, l\u2019empathie et la g\u00e9n\u00e9rosit\u00e9 de Laurent Duvernay-Tardif. Dans ce documentaire diffus\u00e9 le printemps dernier sur le r\u00e9seau RDS, nous pouvons constater le grand d\u00e9vouement de ceux et celles qui travaillent dans nos CHSLD. Soulignons d\u2019ailleurs l\u2019\u00e9troite collaboration de Sol\u00e8ne Delicourt, gestionnaire de milieu au CHSLD Gertrude-Lafrance, de Virginie Gagn\u00e9 De Courval, chef de service milieu de vie et projets cliniques en h\u00e9bergement, ainsi que de l\u2019ensemble de l\u2019\u00e9quipe travaillant \u00e0 CGL sans oublier les r\u00e9sidents.<\/p>\n<p><strong><em>Grande nouvelle, ce documentaire est en nomination <\/em><\/strong><a href=\"https:\/\/programmeprixgemeaux.ca\/souvenir\/finalistes-et-prix-speciaux\/magazine-sports\/\"><strong><em>aux Prix G\u00e9meaux<\/em><\/strong><\/a><strong><em> cette ann\u00e9e<\/em><\/strong>! Les producteurs de RDS ont d\u2019ailleurs tenu \u00e0 remercier le CISSS de la Mont\u00e9r\u00e9gie-Centre pour son apport significatif qui a certainement contribu\u00e9 \u00e0 la qualit\u00e9 de cette production.<a href=\"https:\/\/www.rds.ca\/videos\/football\/nfl\/laurent-duvernay-tardif-l-humain-avant-tout-3.1373048\" target=\"_blank\" rel=\"noopener\">https:\/\/www.rds.ca\/videos\/football\/nfl\/laurent-duvernay-tardif-l-humain-avant-tout-3.1373048<\/a><a href=\"https:\/\/santemc.quebec\/santemc\/icentre\/wp-content\/uploads\/2021\/09\/image3LDT.png\"><img decoding=\"async\" loading=\"lazy\" class=\"size-medium wp-image-198204 aligncenter\" src=\"https:\/\/santemc.quebec\/santemc\/icentre\/wp-content\/uploads\/2021\/09\/image3LDT-300x128.png\" alt=\"\" width=\"300\" height=\"128\" srcset=\"https:\/\/santemc.quebec\/santemc\/icentre\/wp-content\/uploads\/2021\/09\/image3LDT-300x128.png 300w, https:\/\/santemc.quebec\/santemc\/icentre\/wp-content\/uploads\/2021\/09\/image3LDT-768x329.png 768w, https:\/\/santemc.quebec\/santemc\/icentre\/wp-content\/uploads\/2021\/09\/image3LDT-500x214.png 500w, https:\/\/santemc.quebec\/santemc\/icentre\/wp-content\/uploads\/2021\/09\/image3LDT.png 918w\" sizes=\"(max-width: 300px) 100vw, 300px\" \/><\/a><\/p>\n","protected":false},"excerpt":{"rendered":"<p>&nbsp; L\u2019\u00e9v\u00e9nement de recrutement virtuel SP\u00c9CIAL CHSLD se tenant du 9 au 11 septembre prochains arrive \u00e0 grand pas et la campagne de publicit\u00e9 bat son plein. Afin de marquer le coup, le CISSSMC a voulu miser sur le passage &hellip; <a href=\"https:\/\/santemc.quebec\/icentre\/laurent-duvernay-tardif-et-nos-chsld-une-experience-a-souligner\/\">Continuer la lecture <span class=\"meta-nav\">&rarr;<\/span><\/a><\/p>\n","protected":false},"author":9,"featured_media":0,"comment_status":"open","ping_status":"closed","sticky":false,"template":"","format":"standard","meta":{"footnotes":""},"categories":[1],"tags":[],"_links":{"self":[{"href":"https:\/\/santemc.quebec\/icentre\/wp-json\/wp\/v2\/posts\/198202"}],"collection":[{"href":"https:\/\/santemc.quebec\/icentre\/wp-json\/wp\/v2\/posts"}],"about":[{"href":"https:\/\/santemc.quebec\/icentre\/wp-json\/wp\/v2\/types\/post"}],"author":[{"embeddable":true,"href":"https:\/\/santemc.quebec\/icentre\/wp-json\/wp\/v2\/users\/9"}],"replies":[{"embeddable":true,"href":"https:\/\/santemc.quebec\/icentre\/wp-json\/wp\/v2\/comments?post=198202"}],"version-history":[{"count":8,"href":"https:\/\/santemc.quebec\/icentre\/wp-json\/wp\/v2\/posts\/198202\/revisions"}],"predecessor-version":[{"id":198214,"href":"https:\/\/santemc.quebec\/icentre\/wp-json\/wp\/v2\/posts\/198202\/revisions\/198214"}],"wp:attachment":[{"href":"https:\/\/santemc.quebec\/icentre\/wp-json\/wp\/v2\/media?parent=198202"}],"wp:term":[{"taxonomy":"category","embeddable":true,"href":"https:\/\/santemc.quebec\/icentre\/wp-json\/wp\/v2\/categories?post=198202"},{"taxonomy":"post_tag","embeddable":true,"href":"https:\/\/santemc.quebec\/icentre\/wp-json\/wp\/v2\/tags?post=198202"}],"curies":[{"name":"wp","href":"https:\/\/api.w.org\/{rel}","templated":true}]}}