{"id":198355,"date":"2021-09-09T17:00:37","date_gmt":"2021-09-09T21:00:37","guid":{"rendered":"https:\/\/santemc.quebec\/icentre\/?p=198355"},"modified":"2021-09-10T08:42:24","modified_gmt":"2021-09-10T12:42:24","slug":"defi-sans-auto-solo-du-13-au-19-septembre-2021","status":"publish","type":"post","link":"https:\/\/santemc.quebec\/icentre\/defi-sans-auto-solo-du-13-au-19-septembre-2021\/","title":{"rendered":"D\u00e9fi sans auto solo : du 13 au 19 septembre 2021"},"content":{"rendered":"<p><a href=\"https:\/\/santemc.quebec\/santemc\/icentre\/wp-content\/uploads\/2021\/09\/horiz.png\"><img decoding=\"async\" loading=\"lazy\" class=\"alignnone size-full wp-image-198358\" src=\"https:\/\/santemc.quebec\/santemc\/icentre\/wp-content\/uploads\/2021\/09\/horiz.png\" alt=\"\" width=\"2048\" height=\"1072\" srcset=\"https:\/\/santemc.quebec\/santemc\/icentre\/wp-content\/uploads\/2021\/09\/horiz.png 2048w, https:\/\/santemc.quebec\/santemc\/icentre\/wp-content\/uploads\/2021\/09\/horiz-300x157.png 300w, https:\/\/santemc.quebec\/santemc\/icentre\/wp-content\/uploads\/2021\/09\/horiz-1024x536.png 1024w, https:\/\/santemc.quebec\/santemc\/icentre\/wp-content\/uploads\/2021\/09\/horiz-768x402.png 768w, https:\/\/santemc.quebec\/santemc\/icentre\/wp-content\/uploads\/2021\/09\/horiz-1536x804.png 1536w, https:\/\/santemc.quebec\/santemc\/icentre\/wp-content\/uploads\/2021\/09\/horiz-500x262.png 500w\" sizes=\"(max-width: 2048px) 100vw, 2048px\" \/><\/a><\/p>\n<p>Du <strong>13 au 19 septembre 2021,<\/strong> le CISSS de la Mont\u00e9r\u00e9gie-Centre participe au <strong>D\u00e9fi sans auto solo<\/strong> organis\u00e9 par l\u2019Association des Centres de gestion des d\u00e9placements du Qu\u00e9bec (ACGDQ).<\/p>\n<p><!--more--><\/p>\n<p>Pendant cette semaine, nous vous invitons \u00e0 choisir le transport collectif, le v\u00e9lo, la marche, le covoiturage ou tout autre moyen de transport durable pour vous d\u00e9placer. Si vous \u00eates actuellement en t\u00e9l\u00e9travail, vous pourrez \u00e9galement participer gr\u00e2ce aux d\u00e9placements que vous \u00e9vitez.<\/p>\n<p><em>*** Nous vous rappelons que dans le contexte actuel de pand\u00e9mie, votre s\u00e9curit\u00e9 et sant\u00e9 priment lors de vos d\u00e9placements. Si vous utilisez les transports collectifs ou le covoiturage pour vous d\u00e9placer, nous vous encouragerons fortement \u00e0 avoir obtenu les deux doses de vaccin et \u00e0 respecter les mesures de pr\u00e9vention, comme le port du masque et la distanciation physique lorsque possible.***<\/em><\/p>\n<p><strong>Comment participer au D\u00e9fi<\/strong><strong>?<\/strong><\/p>\n<ol>\n<li>Vous inscrire<br \/>\nRendez-vous au <a href=\"http:\/\/defisansauto.com\/inscription\"><u>defisansauto.com\/inscription<\/u><\/a> pour cr\u00e9er votre compte sur la plateforme en ligne.<br \/>\nDans le formulaire, une fois apr\u00e8s avoir s\u00e9lectionn\u00e9 votre r\u00e9gion, vous pourrez choisir le <strong>CISSS de la Mont\u00e9r\u00e9gie-Centre<\/strong> dans le menu d\u00e9roulant.<\/li>\n<li>Enregistrez vos d\u00e9placements<br \/>\nPendant la semaine du D\u00e9fi, connectez-vous \u00e0 votre compte.<br \/>\nEn mode manuel, enregistrez vos d\u00e9placements en indiquant la date, le mode, l\u2019heure et le nombre de kilom\u00e8tres effectu\u00e9s ou les kilom\u00e8tres \u00e9vit\u00e9s dans le cas du t\u00e9l\u00e9travail.<\/li>\n<\/ol>\n<p><em>Tous les d\u00e9placements quotidiens sont admissibles dans le cadre du D\u00e9fi (maison-travail, maison-\u00e9picerie, etc.)! <\/em><\/p>\n<p><strong>De nombreux prix \u00e0 gagner!<br \/>\n<\/strong>En participant, vous courez la chance de gagner de nombreux prix de participation. Le CISSSMC pourrait \u00e9galement se d\u00e9marquer et remporter le D\u00e9fi dans la r\u00e9gion. Pour conna\u00eetre les prix, consultez le <u><a href=\"http:\/\/www.defisansauto.com\/prix\">www.defisansauto.com\/prix<\/a><\/u>.<\/p>\n<p><strong>Des questions?<br \/>\n<\/strong><u><\/u>Si vous avez des questions, consultez le <u><a href=\"http:\/\/www.defisansauto.com\/faq\">www.defisansauto.com\/faq<\/a><\/u> ou <a href=\"https:\/\/intranetcisssmc.rtss.qc.ca\/directions-administratives\/developpement-durable\">la section intranet du d\u00e9veloppement durable<\/a>.<\/p>\n<p>Vous pouvez \u00e9galement contacter <strong>Vincent Boisvert, conseiller en d\u00e9veloppement durable<\/strong> au CISSSMC, par courriel : developpement.durable.cisssmc16@ssss.gouv.qc.ca<\/p>\n","protected":false},"excerpt":{"rendered":"<p>Du 13 au 19 septembre 2021, le CISSS de la Mont\u00e9r\u00e9gie-Centre participe au D\u00e9fi sans auto solo organis\u00e9 par l\u2019Association des Centres de gestion des d\u00e9placements du Qu\u00e9bec (ACGDQ).<\/p>\n","protected":false},"author":32,"featured_media":0,"comment_status":"open","ping_status":"closed","sticky":false,"template":"","format":"standard","meta":{"footnotes":""},"categories":[1],"tags":[],"_links":{"self":[{"href":"https:\/\/santemc.quebec\/icentre\/wp-json\/wp\/v2\/posts\/198355"}],"collection":[{"href":"https:\/\/santemc.quebec\/icentre\/wp-json\/wp\/v2\/posts"}],"about":[{"href":"https:\/\/santemc.quebec\/icentre\/wp-json\/wp\/v2\/types\/post"}],"author":[{"embeddable":true,"href":"https:\/\/santemc.quebec\/icentre\/wp-json\/wp\/v2\/users\/32"}],"replies":[{"embeddable":true,"href":"https:\/\/santemc.quebec\/icentre\/wp-json\/wp\/v2\/comments?post=198355"}],"version-history":[{"count":5,"href":"https:\/\/santemc.quebec\/icentre\/wp-json\/wp\/v2\/posts\/198355\/revisions"}],"predecessor-version":[{"id":198425,"href":"https:\/\/santemc.quebec\/icentre\/wp-json\/wp\/v2\/posts\/198355\/revisions\/198425"}],"wp:attachment":[{"href":"https:\/\/santemc.quebec\/icentre\/wp-json\/wp\/v2\/media?parent=198355"}],"wp:term":[{"taxonomy":"category","embeddable":true,"href":"https:\/\/santemc.quebec\/icentre\/wp-json\/wp\/v2\/categories?post=198355"},{"taxonomy":"post_tag","embeddable":true,"href":"https:\/\/santemc.quebec\/icentre\/wp-json\/wp\/v2\/tags?post=198355"}],"curies":[{"name":"wp","href":"https:\/\/api.w.org\/{rel}","templated":true}]}}